{"id":3545,"date":"2025-09-07T01:00:00","date_gmt":"2025-09-07T01:00:00","guid":{"rendered":"http:\/\/www.lopsssdoner.com\/index.php\/2025\/09\/07\/resmi-gazetede-yayimlandi-kayyum-naci-incinin-yeniden-rektor-olmasi-tepki-cekti-sindirmek-istiyorlar\/"},"modified":"2025-09-07T01:00:00","modified_gmt":"2025-09-07T01:00:00","slug":"resmi-gazetede-yayimlandi-kayyum-naci-incinin-yeniden-rektor-olmasi-tepki-cekti-sindirmek-istiyorlar","status":"publish","type":"post","link":"https:\/\/www.abchukuk.com\/index.php\/2025\/09\/07\/resmi-gazetede-yayimlandi-kayyum-naci-incinin-yeniden-rektor-olmasi-tepki-cekti-sindirmek-istiyorlar\/","title":{"rendered":"Resmi Gazete\u2019de yay\u0131mland\u0131, kayyum Naci \u0130nci\u2019nin yeniden rekt\u00f6r olmas\u0131 tepki \u00e7ekti: Sindirmek istiyorlar"},"content":{"rendered":"<p>Resmi Gazete\u2019de yay\u0131mlanan karar ile Bo\u011fazi\u00e7i \u00dcniversitesi\u2019ne Prof. Dr. Naci \u0130nci, Marmara \u00dcniversitesi\u2019ne Prof. Dr. Mehmet Emin Okur atand\u0131. Kayyum rekt\u00f6r tart\u0131\u015fmalar\u0131n\u0131n s\u00fcrd\u00fc\u011f\u00fc Bo\u011fazi\u00e7i\u2019nde atama tepkiyle kar\u015f\u0131lan\u0131rken, E\u011fitim-Sen \u201cBu karar \u00fcniversite fikrine hakarettir\u201d dedi.Resmi Gazete\u2019de yay\u0131mlanan karar ile Bo\u011fazi\u00e7i \u00dcniversitesi\u2019ne Prof. Dr. Naci \u0130nci, Marmara \u00dcniversitesi\u2019ne Prof. Dr. Mehmet Emin Okur atand\u0131. Kayyum rekt\u00f6r tart\u0131\u015fmalar\u0131n\u0131n s\u00fcrd\u00fc\u011f\u00fc Bo\u011fazi\u00e7i\u2019nde atama tepkiyle kar\u015f\u0131lan\u0131rken, E\u011fitim-Sen \u201cBu karar \u00fcniversite fikrine hakarettir\u201d dedi.\u00a0<a href=\"https:\/\/www.cumhuriyet.com.tr\/turkiye\/resmi-gazete-de-yayimlandi-kayyum-naci-inci-nin-yeniden-rektor-olmasi-tepki-cekti-sindirmek-istiyorlar-2432872\" target=\"_blank\" class=\"feedzy-rss-link-icon\">Read More<\/a><\/p>","protected":false},"excerpt":{"rendered":"<p>Resmi Gazete\u2019de yay\u0131mlanan karar ile Bo\u011fazi\u00e7i \u00dcniversitesi\u2019ne Prof. Dr. Naci \u0130nci, Marmara \u00dcniversitesi\u2019ne Prof. Dr. Mehmet Emin Okur atand\u0131. Kayyum rekt\u00f6r tart\u0131\u015fmalar\u0131n\u0131n s\u00fcrd\u00fc\u011f\u00fc Bo\u011fazi\u00e7i\u2019nde atama tepkiyle kar\u015f\u0131lan\u0131rken, E\u011fitim-Sen \u201cBu karar \u00fcniversite fikrine hakarettir\u201d dedi.Resmi Gazete\u2019de yay\u0131mlanan karar ile Bo\u011fazi\u00e7i \u00dcniversitesi\u2019ne Prof. Dr. Naci \u0130nci, Marmara \u00dcniversitesi\u2019ne Prof. Dr. Mehmet Emin Okur atand\u0131. Kayyum rekt\u00f6r tart\u0131\u015fmalar\u0131n\u0131n [&hellip;]<\/p>\n","protected":false},"author":1,"featured_media":3546,"comment_status":"open","ping_status":"open","sticky":false,"template":"","format":"standard","meta":{"footnotes":"","_links_to":"","_links_to_target":""},"categories":[1],"tags":[],"class_list":["post-3545","post","type-post","status-publish","format-standard","has-post-thumbnail","hentry","category-haberler"],"_links":{"self":[{"href":"https:\/\/www.abchukuk.com\/index.php\/wp-json\/wp\/v2\/posts\/3545","targetHints":{"allow":["GET"]}}],"collection":[{"href":"https:\/\/www.abchukuk.com\/index.php\/wp-json\/wp\/v2\/posts"}],"about":[{"href":"https:\/\/www.abchukuk.com\/index.php\/wp-json\/wp\/v2\/types\/post"}],"author":[{"embeddable":true,"href":"https:\/\/www.abchukuk.com\/index.php\/wp-json\/wp\/v2\/users\/1"}],"replies":[{"embeddable":true,"href":"https:\/\/www.abchukuk.com\/index.php\/wp-json\/wp\/v2\/comments?post=3545"}],"version-history":[{"count":0,"href":"https:\/\/www.abchukuk.com\/index.php\/wp-json\/wp\/v2\/posts\/3545\/revisions"}],"wp:featuredmedia":[{"embeddable":true,"href":"https:\/\/www.abchukuk.com\/index.php\/wp-json\/wp\/v2\/media\/3546"}],"wp:attachment":[{"href":"https:\/\/www.abchukuk.com\/index.php\/wp-json\/wp\/v2\/media?parent=3545"}],"wp:term":[{"taxonomy":"category","embeddable":true,"href":"https:\/\/www.abchukuk.com\/index.php\/wp-json\/wp\/v2\/categories?post=3545"},{"taxonomy":"post_tag","embeddable":true,"href":"https:\/\/www.abchukuk.com\/index.php\/wp-json\/wp\/v2\/tags?post=3545"}],"curies":[{"name":"wp","href":"https:\/\/api.w.org\/{rel}","templated":true}]}}