{"id":3531,"date":"2025-09-06T19:04:00","date_gmt":"2025-09-06T19:04:00","guid":{"rendered":"http:\/\/www.lopsssdoner.com\/index.php\/2025\/09\/06\/imamoglunun-tutuklu-avukati-mehmet-pehlivandan-meslektaslarina-mektup-savunmayi-savunmak-icin-omuz-omuza-duralim\/"},"modified":"2025-09-06T19:04:00","modified_gmt":"2025-09-06T19:04:00","slug":"imamoglunun-tutuklu-avukati-mehmet-pehlivandan-meslektaslarina-mektup-savunmayi-savunmak-icin-omuz-omuza-duralim","status":"publish","type":"post","link":"https:\/\/www.abchukuk.com\/index.php\/2025\/09\/06\/imamoglunun-tutuklu-avukati-mehmet-pehlivandan-meslektaslarina-mektup-savunmayi-savunmak-icin-omuz-omuza-duralim\/","title":{"rendered":"\u0130mamo\u011flu\u2019nun tutuklu avukat\u0131 Mehmet Pehlivan\u2019dan meslekta\u015flar\u0131na mektup: \u2018Savunmay\u0131 savunmak i\u00e7in omuz omuza dural\u0131m\u2019"},"content":{"rendered":"<p>\u00c7orlu Y\u00fcksek G\u00fcvenlikli Hapishanesi\u2019nde tutuklu bulunan Avukat Mehmet Pehlivan, \u0130stanbul Barosu\u2019nun toplant\u0131s\u0131na g\u00f6nderdi\u011fi mektupta meslekta\u015flar\u0131na dayan\u0131\u015fma \u00e7a\u011fr\u0131s\u0131 yapt\u0131. Pehlivan, \u201cDemir parmakl\u0131klar ard\u0131nda olsam da sizlere olan inanc\u0131m ve m\u00fccadele azmim sars\u0131lmam\u0131\u015ft\u0131r\u201d ifadelerini kulland\u0131.\u00c7orlu Y\u00fcksek G\u00fcvenlikli Hapishanesi\u2019nde tutuklu bulunan Avukat Mehmet Pehlivan, \u0130stanbul Barosu\u2019nun toplant\u0131s\u0131na g\u00f6nderdi\u011fi mektupta meslekta\u015flar\u0131na dayan\u0131\u015fma \u00e7a\u011fr\u0131s\u0131 yapt\u0131. Pehlivan, \u201cDemir parmakl\u0131klar ard\u0131nda olsam da sizlere olan inanc\u0131m ve m\u00fccadele azmim sars\u0131lmam\u0131\u015ft\u0131r\u201d ifadelerini kulland\u0131.\u00a0<a href=\"https:\/\/www.cumhuriyet.com.tr\/turkiye\/imamoglu-nun-tutuklu-avukati-mehmet-pehlivan-dan-meslektaslarina-mektup-savunmayi-savunmak-icin-omuz-omuza-duralim-2432841\" target=\"_blank\" class=\"feedzy-rss-link-icon\">Read More<\/a><\/p>","protected":false},"excerpt":{"rendered":"<p>\u00c7orlu Y\u00fcksek G\u00fcvenlikli Hapishanesi\u2019nde tutuklu bulunan Avukat Mehmet Pehlivan, \u0130stanbul Barosu\u2019nun toplant\u0131s\u0131na g\u00f6nderdi\u011fi mektupta meslekta\u015flar\u0131na dayan\u0131\u015fma \u00e7a\u011fr\u0131s\u0131 yapt\u0131. Pehlivan, \u201cDemir parmakl\u0131klar ard\u0131nda olsam da sizlere olan inanc\u0131m ve m\u00fccadele azmim sars\u0131lmam\u0131\u015ft\u0131r\u201d ifadelerini kulland\u0131.\u00c7orlu Y\u00fcksek G\u00fcvenlikli Hapishanesi\u2019nde tutuklu bulunan Avukat Mehmet Pehlivan, \u0130stanbul Barosu\u2019nun toplant\u0131s\u0131na g\u00f6nderdi\u011fi mektupta meslekta\u015flar\u0131na dayan\u0131\u015fma \u00e7a\u011fr\u0131s\u0131 yapt\u0131. Pehlivan, \u201cDemir parmakl\u0131klar ard\u0131nda olsam [&hellip;]<\/p>\n","protected":false},"author":1,"featured_media":3532,"comment_status":"open","ping_status":"open","sticky":false,"template":"","format":"standard","meta":{"footnotes":"","_links_to":"","_links_to_target":""},"categories":[1],"tags":[],"class_list":["post-3531","post","type-post","status-publish","format-standard","has-post-thumbnail","hentry","category-haberler"],"_links":{"self":[{"href":"https:\/\/www.abchukuk.com\/index.php\/wp-json\/wp\/v2\/posts\/3531","targetHints":{"allow":["GET"]}}],"collection":[{"href":"https:\/\/www.abchukuk.com\/index.php\/wp-json\/wp\/v2\/posts"}],"about":[{"href":"https:\/\/www.abchukuk.com\/index.php\/wp-json\/wp\/v2\/types\/post"}],"author":[{"embeddable":true,"href":"https:\/\/www.abchukuk.com\/index.php\/wp-json\/wp\/v2\/users\/1"}],"replies":[{"embeddable":true,"href":"https:\/\/www.abchukuk.com\/index.php\/wp-json\/wp\/v2\/comments?post=3531"}],"version-history":[{"count":0,"href":"https:\/\/www.abchukuk.com\/index.php\/wp-json\/wp\/v2\/posts\/3531\/revisions"}],"wp:featuredmedia":[{"embeddable":true,"href":"https:\/\/www.abchukuk.com\/index.php\/wp-json\/wp\/v2\/media\/3532"}],"wp:attachment":[{"href":"https:\/\/www.abchukuk.com\/index.php\/wp-json\/wp\/v2\/media?parent=3531"}],"wp:term":[{"taxonomy":"category","embeddable":true,"href":"https:\/\/www.abchukuk.com\/index.php\/wp-json\/wp\/v2\/categories?post=3531"},{"taxonomy":"post_tag","embeddable":true,"href":"https:\/\/www.abchukuk.com\/index.php\/wp-json\/wp\/v2\/tags?post=3531"}],"curies":[{"name":"wp","href":"https:\/\/api.w.org\/{rel}","templated":true}]}}