{"id":3526,"date":"2025-09-06T18:28:00","date_gmt":"2025-09-06T18:28:00","guid":{"rendered":"http:\/\/www.lopsssdoner.com\/index.php\/2025\/09\/06\/antalya-il-emniyet-muduru-ilker-arslan-icin-gozalti-karari\/"},"modified":"2025-09-06T18:28:00","modified_gmt":"2025-09-06T18:28:00","slug":"antalya-il-emniyet-muduru-ilker-arslan-icin-gozalti-karari","status":"publish","type":"post","link":"https:\/\/www.abchukuk.com\/index.php\/2025\/09\/06\/antalya-il-emniyet-muduru-ilker-arslan-icin-gozalti-karari\/","title":{"rendered":"Antalya \u0130l Emniyet M\u00fcd\u00fcr\u00fc \u0130lker Arslan i\u00e7in g\u00f6zalt\u0131 karar\u0131"},"content":{"rendered":"<p>Antalya \u0130l Emniyet M\u00fcd\u00fcr\u00fc \u0130lker Arslan, Antalya Cumhuriyet Ba\u015fsavc\u0131l\u0131\u011f\u0131 taraf\u0131ndan y\u00fcr\u00fct\u00fclen soru\u015fturma kapsam\u0131nda \u0130\u00e7i\u015fleri Bakanl\u0131\u011f\u0131 taraf\u0131ndan g\u00f6revden uzakla\u015ft\u0131r\u0131lm\u0131\u015ft\u0131. \u0130lker Arslan hakk\u0131nda g\u00f6zalt\u0131 karar\u0131 verildi.Antalya \u0130l Emniyet M\u00fcd\u00fcr\u00fc \u0130lker Arslan, Antalya Cumhuriyet Ba\u015fsavc\u0131l\u0131\u011f\u0131 taraf\u0131ndan y\u00fcr\u00fct\u00fclen soru\u015fturma kapsam\u0131nda \u0130\u00e7i\u015fleri Bakanl\u0131\u011f\u0131 taraf\u0131ndan g\u00f6revden uzakla\u015ft\u0131r\u0131lm\u0131\u015ft\u0131. \u0130lker Arslan hakk\u0131nda g\u00f6zalt\u0131 karar\u0131 verildi.\u00a0<a href=\"https:\/\/www.dunya.com\/gundem\/antalya-il-emniyet-muduru-ilker-arslan-icin-gozalti-karari-haberi-792981\" target=\"_blank\" class=\"feedzy-rss-link-icon\">Read More<\/a><\/p>","protected":false},"excerpt":{"rendered":"<p>Antalya \u0130l Emniyet M\u00fcd\u00fcr\u00fc \u0130lker Arslan, Antalya Cumhuriyet Ba\u015fsavc\u0131l\u0131\u011f\u0131 taraf\u0131ndan y\u00fcr\u00fct\u00fclen soru\u015fturma kapsam\u0131nda \u0130\u00e7i\u015fleri Bakanl\u0131\u011f\u0131 taraf\u0131ndan g\u00f6revden uzakla\u015ft\u0131r\u0131lm\u0131\u015ft\u0131. \u0130lker Arslan hakk\u0131nda g\u00f6zalt\u0131 karar\u0131 verildi.Antalya \u0130l Emniyet M\u00fcd\u00fcr\u00fc \u0130lker Arslan, Antalya Cumhuriyet Ba\u015fsavc\u0131l\u0131\u011f\u0131 taraf\u0131ndan y\u00fcr\u00fct\u00fclen soru\u015fturma kapsam\u0131nda \u0130\u00e7i\u015fleri Bakanl\u0131\u011f\u0131 taraf\u0131ndan g\u00f6revden uzakla\u015ft\u0131r\u0131lm\u0131\u015ft\u0131. \u0130lker Arslan hakk\u0131nda g\u00f6zalt\u0131 karar\u0131 verildi.\u00a0Read More<\/p>\n","protected":false},"author":1,"featured_media":3527,"comment_status":"open","ping_status":"open","sticky":false,"template":"","format":"standard","meta":{"footnotes":"","_links_to":"","_links_to_target":""},"categories":[1],"tags":[],"class_list":["post-3526","post","type-post","status-publish","format-standard","has-post-thumbnail","hentry","category-haberler"],"_links":{"self":[{"href":"https:\/\/www.abchukuk.com\/index.php\/wp-json\/wp\/v2\/posts\/3526","targetHints":{"allow":["GET"]}}],"collection":[{"href":"https:\/\/www.abchukuk.com\/index.php\/wp-json\/wp\/v2\/posts"}],"about":[{"href":"https:\/\/www.abchukuk.com\/index.php\/wp-json\/wp\/v2\/types\/post"}],"author":[{"embeddable":true,"href":"https:\/\/www.abchukuk.com\/index.php\/wp-json\/wp\/v2\/users\/1"}],"replies":[{"embeddable":true,"href":"https:\/\/www.abchukuk.com\/index.php\/wp-json\/wp\/v2\/comments?post=3526"}],"version-history":[{"count":0,"href":"https:\/\/www.abchukuk.com\/index.php\/wp-json\/wp\/v2\/posts\/3526\/revisions"}],"wp:featuredmedia":[{"embeddable":true,"href":"https:\/\/www.abchukuk.com\/index.php\/wp-json\/wp\/v2\/media\/3527"}],"wp:attachment":[{"href":"https:\/\/www.abchukuk.com\/index.php\/wp-json\/wp\/v2\/media?parent=3526"}],"wp:term":[{"taxonomy":"category","embeddable":true,"href":"https:\/\/www.abchukuk.com\/index.php\/wp-json\/wp\/v2\/categories?post=3526"},{"taxonomy":"post_tag","embeddable":true,"href":"https:\/\/www.abchukuk.com\/index.php\/wp-json\/wp\/v2\/tags?post=3526"}],"curies":[{"name":"wp","href":"https:\/\/api.w.org\/{rel}","templated":true}]}}