{"id":3525,"date":"2025-09-06T18:45:35","date_gmt":"2025-09-06T18:45:35","guid":{"rendered":"http:\/\/www.lopsssdoner.com\/index.php\/2025\/09\/06\/iran-disileri-bakani-arakci-abd-ile-nukleer-konusunda-arabulucular-araciligiyla-diyalogu-surduruyoruz\/"},"modified":"2025-09-06T18:45:35","modified_gmt":"2025-09-06T18:45:35","slug":"iran-disileri-bakani-arakci-abd-ile-nukleer-konusunda-arabulucular-araciligiyla-diyalogu-surduruyoruz","status":"publish","type":"post","link":"https:\/\/www.abchukuk.com\/index.php\/2025\/09\/06\/iran-disileri-bakani-arakci-abd-ile-nukleer-konusunda-arabulucular-araciligiyla-diyalogu-surduruyoruz\/","title":{"rendered":"\u0130ran D\u0131\u015fileri Bakan\u0131 Arak\u00e7i: ABD ile n\u00fckleer konusunda arabulucular arac\u0131l\u0131\u011f\u0131yla diyalo\u011fu s\u00fcrd\u00fcr\u00fcyoruz"},"content":{"rendered":"<p>\u0130ran D\u0131\u015fi\u015fleri Bakan\u0131 Arak\u00e7i, Tahra&#8217;n\u0131n haklar\u0131na riayet edilmesi ve \u00e7\u0131karlar\u0131na sayg\u0131 g\u00f6sterilmesi gerekti\u011fini belirterek ABD ile n\u00fckleer konusunda arabulucular arac\u0131l\u0131\u011f\u0131yla diyalo\u011fu s\u00fcrd\u00fcrd\u00fcklerini ifade etti.\u0130ran D\u0131\u015fi\u015fleri Bakan\u0131 Arak\u00e7i, Tahra&#8217;n\u0131n haklar\u0131na riayet edilmesi ve \u00e7\u0131karlar\u0131na sayg\u0131 g\u00f6sterilmesi gerekti\u011fini belirterek ABD ile n\u00fckleer konusunda arabulucular arac\u0131l\u0131\u011f\u0131yla diyalo\u011fu s\u00fcrd\u00fcrd\u00fcklerini ifade etti.\u00a0<a href=\"https:\/\/anlatilaninotesi.com.tr\/20250906\/iran-disileri-bakani-arakci-abd-ile-nukleer-konusunda-arabulucular-araciligiyla-diyalogu-1099166249.html\" target=\"_blank\" class=\"feedzy-rss-link-icon\">Read More<\/a><\/p>","protected":false},"excerpt":{"rendered":"<p>\u0130ran D\u0131\u015fi\u015fleri Bakan\u0131 Arak\u00e7i, Tahra&#8217;n\u0131n haklar\u0131na riayet edilmesi ve \u00e7\u0131karlar\u0131na sayg\u0131 g\u00f6sterilmesi gerekti\u011fini belirterek ABD ile n\u00fckleer konusunda arabulucular arac\u0131l\u0131\u011f\u0131yla diyalo\u011fu s\u00fcrd\u00fcrd\u00fcklerini ifade etti.\u0130ran D\u0131\u015fi\u015fleri Bakan\u0131 Arak\u00e7i, Tahra&#8217;n\u0131n haklar\u0131na riayet edilmesi ve \u00e7\u0131karlar\u0131na sayg\u0131 g\u00f6sterilmesi gerekti\u011fini belirterek ABD ile n\u00fckleer konusunda arabulucular arac\u0131l\u0131\u011f\u0131yla diyalo\u011fu s\u00fcrd\u00fcrd\u00fcklerini ifade etti.\u00a0Read More<\/p>\n","protected":false},"author":1,"featured_media":0,"comment_status":"open","ping_status":"open","sticky":false,"template":"","format":"standard","meta":{"footnotes":"","_links_to":"","_links_to_target":""},"categories":[1],"tags":[],"class_list":["post-3525","post","type-post","status-publish","format-standard","hentry","category-haberler"],"_links":{"self":[{"href":"https:\/\/www.abchukuk.com\/index.php\/wp-json\/wp\/v2\/posts\/3525","targetHints":{"allow":["GET"]}}],"collection":[{"href":"https:\/\/www.abchukuk.com\/index.php\/wp-json\/wp\/v2\/posts"}],"about":[{"href":"https:\/\/www.abchukuk.com\/index.php\/wp-json\/wp\/v2\/types\/post"}],"author":[{"embeddable":true,"href":"https:\/\/www.abchukuk.com\/index.php\/wp-json\/wp\/v2\/users\/1"}],"replies":[{"embeddable":true,"href":"https:\/\/www.abchukuk.com\/index.php\/wp-json\/wp\/v2\/comments?post=3525"}],"version-history":[{"count":0,"href":"https:\/\/www.abchukuk.com\/index.php\/wp-json\/wp\/v2\/posts\/3525\/revisions"}],"wp:attachment":[{"href":"https:\/\/www.abchukuk.com\/index.php\/wp-json\/wp\/v2\/media?parent=3525"}],"wp:term":[{"taxonomy":"category","embeddable":true,"href":"https:\/\/www.abchukuk.com\/index.php\/wp-json\/wp\/v2\/categories?post=3525"},{"taxonomy":"post_tag","embeddable":true,"href":"https:\/\/www.abchukuk.com\/index.php\/wp-json\/wp\/v2\/tags?post=3525"}],"curies":[{"name":"wp","href":"https:\/\/api.w.org\/{rel}","templated":true}]}}