{"id":3521,"date":"2025-09-06T16:19:00","date_gmt":"2025-09-06T16:19:00","guid":{"rendered":"http:\/\/www.lopsssdoner.com\/index.php\/2025\/09\/06\/alaattin-koselerin-tekrar-tutuklanmasina-chpli-isimden-tepki-dusman-hukuku-uygulamasidir\/"},"modified":"2025-09-06T16:19:00","modified_gmt":"2025-09-06T16:19:00","slug":"alaattin-koselerin-tekrar-tutuklanmasina-chpli-isimden-tepki-dusman-hukuku-uygulamasidir","status":"publish","type":"post","link":"https:\/\/www.abchukuk.com\/index.php\/2025\/09\/06\/alaattin-koselerin-tekrar-tutuklanmasina-chpli-isimden-tepki-dusman-hukuku-uygulamasidir\/","title":{"rendered":"Alaattin K\u00f6seler&#8217;in tekrar tutuklanmas\u0131na CHP\u2019li isimden tepki: &#8216;D\u00fc\u015fman hukuku uygulamas\u0131d\u0131r&#8217;"},"content":{"rendered":"<p>CHP Genel Ba\u015fkan Yard\u0131mc\u0131s\u0131 G\u00f6k\u00e7e G\u00f6k\u00e7en, K\u00f6seler\u2019in tahliye edildikten sonra tekrar tutuklanmas\u0131na ili\u015fkin, &#8220;Bir g\u00fcnl\u00fck \u00f6zg\u00fcrl\u00fc\u011f\u00fcn ard\u0131ndan tekrar tutuklama karar\u0131 verilmesi d\u00fc\u015fman hukuku uygulamas\u0131d\u0131r&#8221; dedi.CHP Genel Ba\u015fkan Yard\u0131mc\u0131s\u0131 G\u00f6k\u00e7e G\u00f6k\u00e7en, K\u00f6seler\u2019in tahliye edildikten sonra tekrar tutuklanmas\u0131na ili\u015fkin, &#8220;Bir g\u00fcnl\u00fck \u00f6zg\u00fcrl\u00fc\u011f\u00fcn ard\u0131ndan tekrar tutuklama karar\u0131 verilmesi d\u00fc\u015fman hukuku uygulamas\u0131d\u0131r&#8221; dedi.\u00a0<a href=\"https:\/\/www.cumhuriyet.com.tr\/turkiye\/alaattin-koseler-in-tekrar-tutuklanmasina-chp-li-isimden-tepki-2432824\" target=\"_blank\" class=\"feedzy-rss-link-icon\">Read More<\/a><\/p>","protected":false},"excerpt":{"rendered":"<p>CHP Genel Ba\u015fkan Yard\u0131mc\u0131s\u0131 G\u00f6k\u00e7e G\u00f6k\u00e7en, K\u00f6seler\u2019in tahliye edildikten sonra tekrar tutuklanmas\u0131na ili\u015fkin, &#8220;Bir g\u00fcnl\u00fck \u00f6zg\u00fcrl\u00fc\u011f\u00fcn ard\u0131ndan tekrar tutuklama karar\u0131 verilmesi d\u00fc\u015fman hukuku uygulamas\u0131d\u0131r&#8221; dedi.CHP Genel Ba\u015fkan Yard\u0131mc\u0131s\u0131 G\u00f6k\u00e7e G\u00f6k\u00e7en, K\u00f6seler\u2019in tahliye edildikten sonra tekrar tutuklanmas\u0131na ili\u015fkin, &#8220;Bir g\u00fcnl\u00fck \u00f6zg\u00fcrl\u00fc\u011f\u00fcn ard\u0131ndan tekrar tutuklama karar\u0131 verilmesi d\u00fc\u015fman hukuku uygulamas\u0131d\u0131r&#8221; dedi.\u00a0Read More<\/p>\n","protected":false},"author":1,"featured_media":3522,"comment_status":"open","ping_status":"open","sticky":false,"template":"","format":"standard","meta":{"footnotes":"","_links_to":"","_links_to_target":""},"categories":[1],"tags":[],"class_list":["post-3521","post","type-post","status-publish","format-standard","has-post-thumbnail","hentry","category-haberler"],"_links":{"self":[{"href":"https:\/\/www.abchukuk.com\/index.php\/wp-json\/wp\/v2\/posts\/3521","targetHints":{"allow":["GET"]}}],"collection":[{"href":"https:\/\/www.abchukuk.com\/index.php\/wp-json\/wp\/v2\/posts"}],"about":[{"href":"https:\/\/www.abchukuk.com\/index.php\/wp-json\/wp\/v2\/types\/post"}],"author":[{"embeddable":true,"href":"https:\/\/www.abchukuk.com\/index.php\/wp-json\/wp\/v2\/users\/1"}],"replies":[{"embeddable":true,"href":"https:\/\/www.abchukuk.com\/index.php\/wp-json\/wp\/v2\/comments?post=3521"}],"version-history":[{"count":0,"href":"https:\/\/www.abchukuk.com\/index.php\/wp-json\/wp\/v2\/posts\/3521\/revisions"}],"wp:featuredmedia":[{"embeddable":true,"href":"https:\/\/www.abchukuk.com\/index.php\/wp-json\/wp\/v2\/media\/3522"}],"wp:attachment":[{"href":"https:\/\/www.abchukuk.com\/index.php\/wp-json\/wp\/v2\/media?parent=3521"}],"wp:term":[{"taxonomy":"category","embeddable":true,"href":"https:\/\/www.abchukuk.com\/index.php\/wp-json\/wp\/v2\/categories?post=3521"},{"taxonomy":"post_tag","embeddable":true,"href":"https:\/\/www.abchukuk.com\/index.php\/wp-json\/wp\/v2\/tags?post=3521"}],"curies":[{"name":"wp","href":"https:\/\/api.w.org\/{rel}","templated":true}]}}