{"id":3512,"date":"2025-09-06T12:37:00","date_gmt":"2025-09-06T12:37:00","guid":{"rendered":"http:\/\/www.lopsssdoner.com\/index.php\/2025\/09\/06\/son-dakika-alaattin-koselerin-tahliyesine-savcilik-itiraz-etti-mahkemeden-alaattin-koseler-karari\/"},"modified":"2025-09-06T12:37:00","modified_gmt":"2025-09-06T12:37:00","slug":"son-dakika-alaattin-koselerin-tahliyesine-savcilik-itiraz-etti-mahkemeden-alaattin-koseler-karari","status":"publish","type":"post","link":"https:\/\/www.abchukuk.com\/index.php\/2025\/09\/06\/son-dakika-alaattin-koselerin-tahliyesine-savcilik-itiraz-etti-mahkemeden-alaattin-koseler-karari\/","title":{"rendered":"Son Dakika&#8230; Alaattin K\u00f6seler&#8217;in tahliyesine savc\u0131l\u0131k itiraz etti: Mahkemeden &#8216;Alaattin K\u00f6seler&#8217; karar\u0131"},"content":{"rendered":"<p>Tahliye edilen Beykoz Belediyesi Alaattin K\u00f6seler i\u00e7in verilen tahliye karar\u0131na savc\u0131l\u0131k itiraz etti. Mahkemeye gelen itiraz talebi reddedildi.Tahliye edilen Beykoz Belediyesi Alaattin K\u00f6seler i\u00e7in verilen tahliye karar\u0131na savc\u0131l\u0131k itiraz etti. Mahkemeye gelen itiraz talebi reddedildi.\u00a0<a href=\"https:\/\/www.cumhuriyet.com.tr\/turkiye\/son-dakika-alaattin-koseler-in-tahliyesine-savcilik-itiraz-etti-2432789\" target=\"_blank\" class=\"feedzy-rss-link-icon\">Read More<\/a><\/p>","protected":false},"excerpt":{"rendered":"<p>Tahliye edilen Beykoz Belediyesi Alaattin K\u00f6seler i\u00e7in verilen tahliye karar\u0131na savc\u0131l\u0131k itiraz etti. Mahkemeye gelen itiraz talebi reddedildi.Tahliye edilen Beykoz Belediyesi Alaattin K\u00f6seler i\u00e7in verilen tahliye karar\u0131na savc\u0131l\u0131k itiraz etti. Mahkemeye gelen itiraz talebi reddedildi.\u00a0Read More<\/p>\n","protected":false},"author":1,"featured_media":3513,"comment_status":"open","ping_status":"open","sticky":false,"template":"","format":"standard","meta":{"footnotes":"","_links_to":"","_links_to_target":""},"categories":[1],"tags":[],"class_list":["post-3512","post","type-post","status-publish","format-standard","has-post-thumbnail","hentry","category-haberler"],"_links":{"self":[{"href":"https:\/\/www.abchukuk.com\/index.php\/wp-json\/wp\/v2\/posts\/3512","targetHints":{"allow":["GET"]}}],"collection":[{"href":"https:\/\/www.abchukuk.com\/index.php\/wp-json\/wp\/v2\/posts"}],"about":[{"href":"https:\/\/www.abchukuk.com\/index.php\/wp-json\/wp\/v2\/types\/post"}],"author":[{"embeddable":true,"href":"https:\/\/www.abchukuk.com\/index.php\/wp-json\/wp\/v2\/users\/1"}],"replies":[{"embeddable":true,"href":"https:\/\/www.abchukuk.com\/index.php\/wp-json\/wp\/v2\/comments?post=3512"}],"version-history":[{"count":0,"href":"https:\/\/www.abchukuk.com\/index.php\/wp-json\/wp\/v2\/posts\/3512\/revisions"}],"wp:featuredmedia":[{"embeddable":true,"href":"https:\/\/www.abchukuk.com\/index.php\/wp-json\/wp\/v2\/media\/3513"}],"wp:attachment":[{"href":"https:\/\/www.abchukuk.com\/index.php\/wp-json\/wp\/v2\/media?parent=3512"}],"wp:term":[{"taxonomy":"category","embeddable":true,"href":"https:\/\/www.abchukuk.com\/index.php\/wp-json\/wp\/v2\/categories?post=3512"},{"taxonomy":"post_tag","embeddable":true,"href":"https:\/\/www.abchukuk.com\/index.php\/wp-json\/wp\/v2\/tags?post=3512"}],"curies":[{"name":"wp","href":"https:\/\/api.w.org\/{rel}","templated":true}]}}