{"id":3511,"date":"2025-09-06T12:59:43","date_gmt":"2025-09-06T12:59:43","guid":{"rendered":"http:\/\/www.lopsssdoner.com\/index.php\/2025\/09\/06\/mahkeme-tahliyeye-itirazi-kabul-etti-beykoz-belediye-baskani-alaattin-koseler-gozaltina-alindi\/"},"modified":"2025-09-06T12:59:43","modified_gmt":"2025-09-06T12:59:43","slug":"mahkeme-tahliyeye-itirazi-kabul-etti-beykoz-belediye-baskani-alaattin-koseler-gozaltina-alindi","status":"publish","type":"post","link":"https:\/\/www.abchukuk.com\/index.php\/2025\/09\/06\/mahkeme-tahliyeye-itirazi-kabul-etti-beykoz-belediye-baskani-alaattin-koseler-gozaltina-alindi\/","title":{"rendered":"Mahkeme tahliyeye itiraz\u0131 kabul etti: Beykoz Belediye Ba\u015fkan\u0131 Alaattin K\u00f6seler g\u00f6zalt\u0131na al\u0131nd\u0131"},"content":{"rendered":"<p>G\u00f6revinden uzakla\u015ft\u0131r\u0131lan Beykoz Belediye Ba\u015fkan\u0131 Alaattin K\u00f6seler, \u201cihaleye fesat kar\u0131\u015ft\u0131rma\u201d ve \u201csu\u00e7 i\u015flemek amac\u0131yla \u00f6rg\u00fct kurma\u201d iddias\u0131yla yarg\u0131land\u0131\u011f\u0131 davada d\u00fcn tahliye edilmi\u015fti. Savc\u0131l\u0131\u011f\u0131n itiraz\u0131 \u00fczerine \u00fcst mahkeme K\u00f6seler\u2019in tutuklanmas\u0131na karar verdi. K\u00f6seler g\u00f6zalt\u0131na al\u0131narak adliyeye sevk edildi.G\u00f6revinden uzakla\u015ft\u0131r\u0131lan Beykoz Belediye Ba\u015fkan\u0131 Alaattin K\u00f6seler, \u201cihaleye fesat kar\u0131\u015ft\u0131rma\u201d ve \u201csu\u00e7 i\u015flemek amac\u0131yla \u00f6rg\u00fct kurma\u201d iddias\u0131yla yarg\u0131land\u0131\u011f\u0131 davada d\u00fcn tahliye edilmi\u015fti. Savc\u0131l\u0131\u011f\u0131n itiraz\u0131 \u00fczerine \u00fcst mahkeme K\u00f6seler\u2019in tutuklanmas\u0131na karar verdi. K\u00f6seler g\u00f6zalt\u0131na al\u0131narak adliyeye sevk edildi.\u00a0<a href=\"https:\/\/anlatilaninotesi.com.tr\/20250906\/savcilik-beykoz-belediye-baskani-alaattin-koselerin-tahliyesine-itiraz-etti-1099163391.html\" target=\"_blank\" class=\"feedzy-rss-link-icon\">Read More<\/a><\/p>","protected":false},"excerpt":{"rendered":"<p>G\u00f6revinden uzakla\u015ft\u0131r\u0131lan Beykoz Belediye Ba\u015fkan\u0131 Alaattin K\u00f6seler, \u201cihaleye fesat kar\u0131\u015ft\u0131rma\u201d ve \u201csu\u00e7 i\u015flemek amac\u0131yla \u00f6rg\u00fct kurma\u201d iddias\u0131yla yarg\u0131land\u0131\u011f\u0131 davada d\u00fcn tahliye edilmi\u015fti. Savc\u0131l\u0131\u011f\u0131n itiraz\u0131 \u00fczerine \u00fcst mahkeme K\u00f6seler\u2019in tutuklanmas\u0131na karar verdi. K\u00f6seler g\u00f6zalt\u0131na al\u0131narak adliyeye sevk edildi.G\u00f6revinden uzakla\u015ft\u0131r\u0131lan Beykoz Belediye Ba\u015fkan\u0131 Alaattin K\u00f6seler, \u201cihaleye fesat kar\u0131\u015ft\u0131rma\u201d ve \u201csu\u00e7 i\u015flemek amac\u0131yla \u00f6rg\u00fct kurma\u201d iddias\u0131yla yarg\u0131land\u0131\u011f\u0131 davada [&hellip;]<\/p>\n","protected":false},"author":1,"featured_media":0,"comment_status":"open","ping_status":"open","sticky":false,"template":"","format":"standard","meta":{"footnotes":"","_links_to":"","_links_to_target":""},"categories":[1],"tags":[],"class_list":["post-3511","post","type-post","status-publish","format-standard","hentry","category-haberler"],"_links":{"self":[{"href":"https:\/\/www.abchukuk.com\/index.php\/wp-json\/wp\/v2\/posts\/3511","targetHints":{"allow":["GET"]}}],"collection":[{"href":"https:\/\/www.abchukuk.com\/index.php\/wp-json\/wp\/v2\/posts"}],"about":[{"href":"https:\/\/www.abchukuk.com\/index.php\/wp-json\/wp\/v2\/types\/post"}],"author":[{"embeddable":true,"href":"https:\/\/www.abchukuk.com\/index.php\/wp-json\/wp\/v2\/users\/1"}],"replies":[{"embeddable":true,"href":"https:\/\/www.abchukuk.com\/index.php\/wp-json\/wp\/v2\/comments?post=3511"}],"version-history":[{"count":0,"href":"https:\/\/www.abchukuk.com\/index.php\/wp-json\/wp\/v2\/posts\/3511\/revisions"}],"wp:attachment":[{"href":"https:\/\/www.abchukuk.com\/index.php\/wp-json\/wp\/v2\/media?parent=3511"}],"wp:term":[{"taxonomy":"category","embeddable":true,"href":"https:\/\/www.abchukuk.com\/index.php\/wp-json\/wp\/v2\/categories?post=3511"},{"taxonomy":"post_tag","embeddable":true,"href":"https:\/\/www.abchukuk.com\/index.php\/wp-json\/wp\/v2\/tags?post=3511"}],"curies":[{"name":"wp","href":"https:\/\/api.w.org\/{rel}","templated":true}]}}