{"id":3506,"date":"2025-09-06T13:40:00","date_gmt":"2025-09-06T13:40:00","guid":{"rendered":"http:\/\/www.lopsssdoner.com\/index.php\/2025\/09\/06\/beykoz-belediye-baskani-alaattin-koseler-yeniden-gozaltinda\/"},"modified":"2025-09-06T13:40:00","modified_gmt":"2025-09-06T13:40:00","slug":"beykoz-belediye-baskani-alaattin-koseler-yeniden-gozaltinda","status":"publish","type":"post","link":"https:\/\/www.abchukuk.com\/index.php\/2025\/09\/06\/beykoz-belediye-baskani-alaattin-koseler-yeniden-gozaltinda\/","title":{"rendered":"Beykoz Belediye Ba\u015fkan\u0131 Alaattin K\u00f6seler yeniden g\u00f6zalt\u0131nda!"},"content":{"rendered":"<p>Savc\u0131l\u0131k, g\u00f6revinden uzakla\u015ft\u0131r\u0131lan Beykoz Belediye Ba\u015fkan\u0131 Alaattin K\u00f6seler&#8217;in de aralar\u0131nda bulundu\u011fu isimler i\u00e7in verilen tahliye karar\u0131na itiraz etti. 18. A\u011f\u0131r Ceza Mahkemesi K\u00f6seler\u2019in tutuklanmas\u0131na karar verdi. Beykoz Belediye Ba\u015fkan\u0131 yeniden g\u00f6zalt\u0131na al\u0131nd\u0131.Savc\u0131l\u0131k, g\u00f6revinden uzakla\u015ft\u0131r\u0131lan Beykoz Belediye Ba\u015fkan\u0131 Alaattin K\u00f6seler&#8217;in de aralar\u0131nda bulundu\u011fu isimler i\u00e7in verilen tahliye karar\u0131na itiraz etti. 18. A\u011f\u0131r Ceza Mahkemesi K\u00f6seler\u2019in tutuklanmas\u0131na karar verdi. Beykoz Belediye Ba\u015fkan\u0131 yeniden g\u00f6zalt\u0131na al\u0131nd\u0131.\u00a0<a href=\"https:\/\/www.dunya.com\/gundem\/beykoz-belediye-baskani-alaattin-koseler-yeniden-gozaltinda-haberi-792963\" target=\"_blank\" class=\"feedzy-rss-link-icon\">Read More<\/a><\/p>","protected":false},"excerpt":{"rendered":"<p>Savc\u0131l\u0131k, g\u00f6revinden uzakla\u015ft\u0131r\u0131lan Beykoz Belediye Ba\u015fkan\u0131 Alaattin K\u00f6seler&#8217;in de aralar\u0131nda bulundu\u011fu isimler i\u00e7in verilen tahliye karar\u0131na itiraz etti. 18. A\u011f\u0131r Ceza Mahkemesi K\u00f6seler\u2019in tutuklanmas\u0131na karar verdi. Beykoz Belediye Ba\u015fkan\u0131 yeniden g\u00f6zalt\u0131na al\u0131nd\u0131.Savc\u0131l\u0131k, g\u00f6revinden uzakla\u015ft\u0131r\u0131lan Beykoz Belediye Ba\u015fkan\u0131 Alaattin K\u00f6seler&#8217;in de aralar\u0131nda bulundu\u011fu isimler i\u00e7in verilen tahliye karar\u0131na itiraz etti. 18. A\u011f\u0131r Ceza Mahkemesi K\u00f6seler\u2019in tutuklanmas\u0131na [&hellip;]<\/p>\n","protected":false},"author":1,"featured_media":3507,"comment_status":"open","ping_status":"open","sticky":false,"template":"","format":"standard","meta":{"footnotes":"","_links_to":"","_links_to_target":""},"categories":[1],"tags":[],"class_list":["post-3506","post","type-post","status-publish","format-standard","has-post-thumbnail","hentry","category-haberler"],"_links":{"self":[{"href":"https:\/\/www.abchukuk.com\/index.php\/wp-json\/wp\/v2\/posts\/3506","targetHints":{"allow":["GET"]}}],"collection":[{"href":"https:\/\/www.abchukuk.com\/index.php\/wp-json\/wp\/v2\/posts"}],"about":[{"href":"https:\/\/www.abchukuk.com\/index.php\/wp-json\/wp\/v2\/types\/post"}],"author":[{"embeddable":true,"href":"https:\/\/www.abchukuk.com\/index.php\/wp-json\/wp\/v2\/users\/1"}],"replies":[{"embeddable":true,"href":"https:\/\/www.abchukuk.com\/index.php\/wp-json\/wp\/v2\/comments?post=3506"}],"version-history":[{"count":0,"href":"https:\/\/www.abchukuk.com\/index.php\/wp-json\/wp\/v2\/posts\/3506\/revisions"}],"wp:featuredmedia":[{"embeddable":true,"href":"https:\/\/www.abchukuk.com\/index.php\/wp-json\/wp\/v2\/media\/3507"}],"wp:attachment":[{"href":"https:\/\/www.abchukuk.com\/index.php\/wp-json\/wp\/v2\/media?parent=3506"}],"wp:term":[{"taxonomy":"category","embeddable":true,"href":"https:\/\/www.abchukuk.com\/index.php\/wp-json\/wp\/v2\/categories?post=3506"},{"taxonomy":"post_tag","embeddable":true,"href":"https:\/\/www.abchukuk.com\/index.php\/wp-json\/wp\/v2\/tags?post=3506"}],"curies":[{"name":"wp","href":"https:\/\/api.w.org\/{rel}","templated":true}]}}