{"id":3493,"date":"2025-09-06T08:32:22","date_gmt":"2025-09-06T08:32:22","guid":{"rendered":"http:\/\/www.lopsssdoner.com\/index.php\/2025\/09\/06\/siemensi-sarsan-skandal-avukata-26-milyon-avroluk-santaj-suclamasi\/"},"modified":"2025-09-06T08:32:22","modified_gmt":"2025-09-06T08:32:22","slug":"siemensi-sarsan-skandal-avukata-26-milyon-avroluk-santaj-suclamasi","status":"publish","type":"post","link":"https:\/\/www.abchukuk.com\/index.php\/2025\/09\/06\/siemensi-sarsan-skandal-avukata-26-milyon-avroluk-santaj-suclamasi\/","title":{"rendered":"Siemens\u2019i sarsan skandal:  Avukata 2,6 milyon avroluk \u015fantaj su\u00e7lamas\u0131!"},"content":{"rendered":"<p class=\"p1\">\u0130stanbul\u2019da T\u00fcrkiye\u2019nin en b\u00fcy\u00fck \u015firketlerinden birini sarsan dava, Bak\u0131rk\u00f6y 5. A\u011f\u0131r Ceza Mahkemesi\u2019nde g\u00f6r\u00fclecek. Siemens Sanayi ve Ticaret A.\u015e. ad\u0131na CEO H\u00fcseyin Geli\u015f\u2019in \u015fik\u00e2yetiyle ba\u015flayan s\u00fcre\u00e7te, avukat Fatma Binnur Kortun Ertek hakk\u0131nda \u201c\u015fantaj\u201d su\u00e7lamas\u0131yla kamu davas\u0131 a\u00e7\u0131ld\u0131. Mahkeme, 24 Haziran 2025 tarihinde \u201cson soru\u015fturman\u0131n a\u00e7\u0131lmas\u0131na\u201d karar verdi.<\/p>\n<p><img fetchpriority=\"high\" decoding=\"async\" class=\"alignnone size-large wp-image-162780\" src=\"https:\/\/www.son.tv\/wp-content\/uploads\/2025\/09\/e185d858-6c8e-4561-a34e-553d79c9f21a-1024x806.jpeg\" alt=\"\" width=\"1024\" height=\"806\" \/><\/p>\n<p class=\"p1\"><span class=\"s1\">G\u0130ZL\u0130L\u0130K S\u00d6ZLE\u015eMES\u0130 VE 2,6 M\u0130LYON AVROLUK TALEP <\/span><\/p>\n<p class=\"p1\"><span class=\"s1\">Savc\u0131l\u0131\u011f\u0131n iddias\u0131na g\u00f6re, 26 \u015eubat 2024 tarihinde yap\u0131lan bir g\u00f6r\u00fc\u015fmede avukat Kortun Ertek, Siemens Emekli ve Yard\u0131mla\u015fma Vakf\u0131 \u00fcyelerinin vekili s\u0131fat\u0131yla toplam 2 milyon 653 bin avro talep etti. Bu \u00f6demenin di\u011fer \u00fcyelerin haberi olmadan yap\u0131lmas\u0131n\u0131 ve ayr\u0131ca bir \u201cgizlilik s\u00f6zle\u015fmesi\u201d imzalanmas\u0131n\u0131 istedi\u011fi ileri s\u00fcr\u00fcld\u00fc. M\u00fc\u015fteki taraf, \u00f6demeye yana\u015f\u0131lmad\u0131\u011f\u0131 takdirde \u201c\u015firket ve y\u00f6neticiler hakk\u0131nda itibar\u0131 zedeleyecek haberler \u00e7\u0131kar\u0131laca\u011f\u0131, sosyal medyada yay\u0131laca\u011f\u0131\u201d y\u00f6n\u00fcnde ifadeler kullan\u0131ld\u0131\u011f\u0131n\u0131 savc\u0131l\u0131\u011fa aktard\u0131.<\/span><\/p>\n<p class=\"p1\"><span class=\"s1\">\u201c32 M\u0130LYON AVRO B\u00dcT\u00c7EDEN KAR\u015eILANAB\u0130L\u0130R\u201d \u0130DD\u0130ASI <\/span><\/p>\n<p class=\"p1\"><span class=\"s1\">\u015eik\u00e2yet dilek\u00e7esinde, Kortun Ertek\u2019in talep edilen paran\u0131n Siemens\u2019in bilan\u00e7osunda vak\u0131f i\u00e7in ayr\u0131lm\u0131\u015f 32 milyon avroluk bir kalemden kar\u015f\u0131lanabilece\u011fini s\u00f6yledi\u011fi belirtildi. Savc\u0131l\u0131\u011fa g\u00f6re, bu talebin reddedilmesi durumunda \u015firketin marka de\u011ferinin sars\u0131laca\u011f\u0131, bas\u0131nda aleyhte haberlerin \u00e7\u0131kabilece\u011fi y\u00f6n\u00fcnde uyar\u0131lar yap\u0131ld\u0131.<\/span><\/p>\n<p class=\"p1\"><span class=\"s1\">NOTERDEN GELEN \u015eOK \u0130HTARNAME<\/span><\/p>\n<p class=\"p1\"><span class=\"s1\">16 Nisan 2024 tarihinde m\u00fc\u015ftekiye g\u00f6nderilen noter ihtarnamesinde, belirtilen miktar\u0131n \u00f6denmemesi h\u00e2linde \u015firketin \u201csorumluluktan kurtulamayaca\u011f\u0131\u201d yaz\u0131ld\u0131. Savc\u0131l\u0131k, bu ad\u0131m\u0131 avukat\u0131n bask\u0131y\u0131 art\u0131rmak i\u00e7in att\u0131\u011f\u0131n\u0131 ve \u015fantaj su\u00e7unu kuvvetlendiren bir giri\u015fim oldu\u011funu \u00f6ne s\u00fcrd\u00fc.<\/span><\/p>\n<p class=\"p1\"><span class=\"s1\">BAKANLIKTAN \u0130Z\u0130N \u00c7IKTI<\/span><\/p>\n<p class=\"p1\"><span class=\"s1\">Avukat\u0131n mesleki stat\u00fcs\u00fc nedeniyle Adalet Bakanl\u0131\u011f\u0131\u2019n\u0131n izni gerekiyordu. 25 Nisan 2025 tarihinde Ceza \u0130\u015fleri Genel M\u00fcd\u00fcrl\u00fc\u011f\u00fc, Kortun Ertek hakk\u0131nda soru\u015fturma izni verdi. Ard\u0131ndan Bak\u0131rk\u00f6y Cumhuriyet Ba\u015fsavc\u0131l\u0131\u011f\u0131, 9 May\u0131s 2025\u2019te haz\u0131rlad\u0131\u011f\u0131 iddianamede avukat\u0131n T\u00fcrk Ceza Kanunu\u2019nun 107. maddesi (\u015fantaj) uyar\u0131nca yarg\u0131lanmas\u0131n\u0131 talep etti.<\/span><\/p>\n<p class=\"p1\"><span class=\"s1\">AVUKATTAN SAVUNMA: \u201cHABER TEHD\u0130D\u0130 YOK, ALACAK TALEPLER\u0130N\u0130 \u0130LETT\u0130M <\/span><\/p>\n<p class=\"p1\"><span class=\"s1\">Kortun Ertek ise 26 \u015eubat 2025 tarihinde verdi\u011fi ifadede, vak\u0131ftaki 6 \u00fcyenin alacak taleplerini iletti\u011fini, Siemens Emekli Sand\u0131\u011f\u0131 Vakf\u0131 ad\u0131na hukuki s\u00fcreci y\u00fcr\u00fctt\u00fc\u011f\u00fcn\u00fc ve kimseye haber tehdidinde bulunmad\u0131\u011f\u0131n\u0131 s\u00f6yledi. \u201cM\u00fcvekkillerimin haklar\u0131n\u0131 almak i\u00e7in dava a\u00e7t\u0131m, ihtarnameler de bu hukuki s\u00fcrecin par\u00e7as\u0131d\u0131r\u201d diyerek su\u00e7lamalar\u0131 reddetti.<\/span><\/p>\n<p class=\"p1\"><span class=\"s1\">\u00c7ARPICI AYRINTILAR<\/span><\/p>\n<p class=\"p1\"><span class=\"s1\">Dosyada dikkat \u00e7eken ayr\u0131nt\u0131lar aras\u0131nda, \u00f6deme kalemlerinden birinin 454 bin avro, toplam talebin ise 2,6 milyon avro olmas\u0131 yer al\u0131yor. Ayr\u0131ca savc\u0131l\u0131k, \u015f\u00fcphelinin ge\u00e7mi\u015fte Siemens \u00e7al\u0131\u015fan\u0131 eski e\u015fine y\u00f6nelik davalarda da medyada ses getiren haberlerle g\u00fcndeme geldi\u011fini hat\u0131rlatt\u0131.<\/span><\/p>\n<p>Uluslararas\u0131 dev Siemens\u2019in T\u00fcrkiye CEO\u2019su H\u00fcseyin Geli\u015f, avukat Fatma Binnur Kortun Ertek\u2019in \u201c2,6 milyon avro \u00f6deyin, yoksa \u015firket ve y\u00f6neticiler hakk\u0131nda y\u0131k\u0131c\u0131 haberler \u00e7\u0131kar\u201d diyerek \u015fantaj yapt\u0131\u011f\u0131n\u0131 \u00f6ne s\u00fcrd\u00fc. Noter ihtarnamesiyle bask\u0131n\u0131n artt\u0131\u011f\u0131 dosyada mahkeme, davay\u0131 a\u011f\u0131r cezaya ta\u015f\u0131d\u0131.\u00a0<a href=\"https:\/\/www.son.tv\/siemensi-sarsan-skandal-avukata-26-milyon-avroluk-santaj-suclamasi\/\" target=\"_blank\" class=\"feedzy-rss-link-icon\">Read More<\/a><\/p>","protected":false},"excerpt":{"rendered":"<p>\u0130stanbul\u2019da T\u00fcrkiye\u2019nin en b\u00fcy\u00fck \u015firketlerinden birini sarsan dava, Bak\u0131rk\u00f6y 5. A\u011f\u0131r Ceza Mahkemesi\u2019nde g\u00f6r\u00fclecek. Siemens Sanayi ve Ticaret A.\u015e. ad\u0131na CEO H\u00fcseyin Geli\u015f\u2019in \u015fik\u00e2yetiyle ba\u015flayan s\u00fcre\u00e7te, avukat Fatma Binnur Kortun Ertek hakk\u0131nda \u201c\u015fantaj\u201d su\u00e7lamas\u0131yla kamu davas\u0131 a\u00e7\u0131ld\u0131. Mahkeme, 24 Haziran 2025 tarihinde \u201cson soru\u015fturman\u0131n a\u00e7\u0131lmas\u0131na\u201d karar verdi. G\u0130ZL\u0130L\u0130K S\u00d6ZLE\u015eMES\u0130 VE 2,6 M\u0130LYON AVROLUK TALEP Savc\u0131l\u0131\u011f\u0131n [&hellip;]<\/p>\n","protected":false},"author":1,"featured_media":3494,"comment_status":"open","ping_status":"open","sticky":false,"template":"","format":"standard","meta":{"footnotes":"","_links_to":"","_links_to_target":""},"categories":[1],"tags":[],"class_list":["post-3493","post","type-post","status-publish","format-standard","has-post-thumbnail","hentry","category-haberler"],"_links":{"self":[{"href":"https:\/\/www.abchukuk.com\/index.php\/wp-json\/wp\/v2\/posts\/3493","targetHints":{"allow":["GET"]}}],"collection":[{"href":"https:\/\/www.abchukuk.com\/index.php\/wp-json\/wp\/v2\/posts"}],"about":[{"href":"https:\/\/www.abchukuk.com\/index.php\/wp-json\/wp\/v2\/types\/post"}],"author":[{"embeddable":true,"href":"https:\/\/www.abchukuk.com\/index.php\/wp-json\/wp\/v2\/users\/1"}],"replies":[{"embeddable":true,"href":"https:\/\/www.abchukuk.com\/index.php\/wp-json\/wp\/v2\/comments?post=3493"}],"version-history":[{"count":0,"href":"https:\/\/www.abchukuk.com\/index.php\/wp-json\/wp\/v2\/posts\/3493\/revisions"}],"wp:featuredmedia":[{"embeddable":true,"href":"https:\/\/www.abchukuk.com\/index.php\/wp-json\/wp\/v2\/media\/3494"}],"wp:attachment":[{"href":"https:\/\/www.abchukuk.com\/index.php\/wp-json\/wp\/v2\/media?parent=3493"}],"wp:term":[{"taxonomy":"category","embeddable":true,"href":"https:\/\/www.abchukuk.com\/index.php\/wp-json\/wp\/v2\/categories?post=3493"},{"taxonomy":"post_tag","embeddable":true,"href":"https:\/\/www.abchukuk.com\/index.php\/wp-json\/wp\/v2\/tags?post=3493"}],"curies":[{"name":"wp","href":"https:\/\/api.w.org\/{rel}","templated":true}]}}