{"id":3492,"date":"2025-09-05T21:56:13","date_gmt":"2025-09-05T21:56:13","guid":{"rendered":"http:\/\/www.lopsssdoner.com\/index.php\/2025\/09\/05\/resmi-gazetede-bugun-neler-var\/"},"modified":"2025-09-05T21:56:13","modified_gmt":"2025-09-05T21:56:13","slug":"resmi-gazetede-bugun-neler-var","status":"publish","type":"post","link":"https:\/\/www.abchukuk.com\/index.php\/2025\/09\/05\/resmi-gazetede-bugun-neler-var\/","title":{"rendered":"Resmi Gazete&#8217;de bug\u00fcn neler var?"},"content":{"rendered":"<p>6 Eyl\u00fcl Resmi Gazete kararlar\u0131 g\u00fcndemdeki yerini ald\u0131. Resmi Gazete\u2019de, yeni y\u00f6netmelikler, al\u0131nan kararlar ve yay\u0131mlanan tebli\u011flerle bir\u00e7ok alanda \u00f6nemli de\u011fi\u015fikliklere yer verildi. Bir\u00e7ok konuda yap\u0131lan d\u00fczenlemeler, toplumun geni\u015f kesimlerini yak\u0131ndan ilgilendiriyor. \u0130\u015fte 6 Eyl\u00fcl 2025 tarihli Resmi Gazete\u2019nin detaylar\u0131\u20266 Eyl\u00fcl Resmi Gazete kararlar\u0131 g\u00fcndemdeki yerini ald\u0131. Resmi Gazete\u2019de, yeni y\u00f6netmelikler, al\u0131nan kararlar ve yay\u0131mlanan tebli\u011flerle bir\u00e7ok alanda \u00f6nemli de\u011fi\u015fikliklere yer verildi. Bir\u00e7ok konuda yap\u0131lan d\u00fczenlemeler, toplumun geni\u015f kesimlerini yak\u0131ndan ilgilendiriyor. \u0130\u015fte 6 Eyl\u00fcl 2025 tarihli Resmi Gazete\u2019nin detaylar\u0131\u2026\u00a0<a href=\"https:\/\/www.haberturk.com\/resmi-gazete-kararlari-6-eylul-2025-resmi-gazete-yayimlandi-mi-alinan-kararlari-neler-3820347\" target=\"_blank\" class=\"feedzy-rss-link-icon\">Read More<\/a><\/p>","protected":false},"excerpt":{"rendered":"<p>6 Eyl\u00fcl Resmi Gazete kararlar\u0131 g\u00fcndemdeki yerini ald\u0131. Resmi Gazete\u2019de, yeni y\u00f6netmelikler, al\u0131nan kararlar ve yay\u0131mlanan tebli\u011flerle bir\u00e7ok alanda \u00f6nemli de\u011fi\u015fikliklere yer verildi. Bir\u00e7ok konuda yap\u0131lan d\u00fczenlemeler, toplumun geni\u015f kesimlerini yak\u0131ndan ilgilendiriyor. \u0130\u015fte 6 Eyl\u00fcl 2025 tarihli Resmi Gazete\u2019nin detaylar\u0131\u20266 Eyl\u00fcl Resmi Gazete kararlar\u0131 g\u00fcndemdeki yerini ald\u0131. Resmi Gazete\u2019de, yeni y\u00f6netmelikler, al\u0131nan kararlar ve yay\u0131mlanan [&hellip;]<\/p>\n","protected":false},"author":1,"featured_media":0,"comment_status":"open","ping_status":"open","sticky":false,"template":"","format":"standard","meta":{"footnotes":"","_links_to":"","_links_to_target":""},"categories":[1],"tags":[],"class_list":["post-3492","post","type-post","status-publish","format-standard","hentry","category-haberler"],"_links":{"self":[{"href":"https:\/\/www.abchukuk.com\/index.php\/wp-json\/wp\/v2\/posts\/3492","targetHints":{"allow":["GET"]}}],"collection":[{"href":"https:\/\/www.abchukuk.com\/index.php\/wp-json\/wp\/v2\/posts"}],"about":[{"href":"https:\/\/www.abchukuk.com\/index.php\/wp-json\/wp\/v2\/types\/post"}],"author":[{"embeddable":true,"href":"https:\/\/www.abchukuk.com\/index.php\/wp-json\/wp\/v2\/users\/1"}],"replies":[{"embeddable":true,"href":"https:\/\/www.abchukuk.com\/index.php\/wp-json\/wp\/v2\/comments?post=3492"}],"version-history":[{"count":0,"href":"https:\/\/www.abchukuk.com\/index.php\/wp-json\/wp\/v2\/posts\/3492\/revisions"}],"wp:attachment":[{"href":"https:\/\/www.abchukuk.com\/index.php\/wp-json\/wp\/v2\/media?parent=3492"}],"wp:term":[{"taxonomy":"category","embeddable":true,"href":"https:\/\/www.abchukuk.com\/index.php\/wp-json\/wp\/v2\/categories?post=3492"},{"taxonomy":"post_tag","embeddable":true,"href":"https:\/\/www.abchukuk.com\/index.php\/wp-json\/wp\/v2\/tags?post=3492"}],"curies":[{"name":"wp","href":"https:\/\/api.w.org\/{rel}","templated":true}]}}