{"id":3486,"date":"2025-09-06T07:19:00","date_gmt":"2025-09-06T07:19:00","guid":{"rendered":"http:\/\/www.lopsssdoner.com\/index.php\/2025\/09\/06\/1992-uluslararasi-seker-anlasmasina-iliskin-degisiklik-resmi-gazetede\/"},"modified":"2025-09-06T07:19:00","modified_gmt":"2025-09-06T07:19:00","slug":"1992-uluslararasi-seker-anlasmasina-iliskin-degisiklik-resmi-gazetede","status":"publish","type":"post","link":"https:\/\/www.abchukuk.com\/index.php\/2025\/09\/06\/1992-uluslararasi-seker-anlasmasina-iliskin-degisiklik-resmi-gazetede\/","title":{"rendered":"1992 Uluslararas\u0131 \u015eeker Anla\u015fmas\u0131\u2019na ili\u015fkin de\u011fi\u015fiklik Resmi Gazete\u2019de"},"content":{"rendered":"<p>Cumhurba\u015fkan\u0131 Recep Tayyip Erdo\u011fan taraf\u0131ndan onaylanan, &#8216;1992 Uluslararas\u0131 \u015eeker Anla\u015fmas\u0131&#8217;nda de\u011fi\u015fiklik yap\u0131lmas\u0131na ili\u015fkin milletleraras\u0131 anla\u015fma, Resmi Gazete&#8217;de yay\u0131mland\u0131.Cumhurba\u015fkan\u0131 Recep Tayyip Erdo\u011fan taraf\u0131ndan onaylanan, &#8216;1992 Uluslararas\u0131 \u015eeker Anla\u015fmas\u0131&#8217;nda de\u011fi\u015fiklik yap\u0131lmas\u0131na ili\u015fkin milletleraras\u0131 anla\u015fma, Resmi Gazete&#8217;de yay\u0131mland\u0131.\u00a0<a href=\"https:\/\/www.dunya.com\/gundem\/1992-uluslararasi-seker-anlasmasina-iliskin-degisiklik-resmi-gazetede-haberi-792917\" target=\"_blank\" class=\"feedzy-rss-link-icon\">Read More<\/a><\/p>","protected":false},"excerpt":{"rendered":"<p>Cumhurba\u015fkan\u0131 Recep Tayyip Erdo\u011fan taraf\u0131ndan onaylanan, &#8216;1992 Uluslararas\u0131 \u015eeker Anla\u015fmas\u0131&#8217;nda de\u011fi\u015fiklik yap\u0131lmas\u0131na ili\u015fkin milletleraras\u0131 anla\u015fma, Resmi Gazete&#8217;de yay\u0131mland\u0131.Cumhurba\u015fkan\u0131 Recep Tayyip Erdo\u011fan taraf\u0131ndan onaylanan, &#8216;1992 Uluslararas\u0131 \u015eeker Anla\u015fmas\u0131&#8217;nda de\u011fi\u015fiklik yap\u0131lmas\u0131na ili\u015fkin milletleraras\u0131 anla\u015fma, Resmi Gazete&#8217;de yay\u0131mland\u0131.\u00a0Read More<\/p>\n","protected":false},"author":1,"featured_media":3487,"comment_status":"open","ping_status":"open","sticky":false,"template":"","format":"standard","meta":{"footnotes":"","_links_to":"","_links_to_target":""},"categories":[1],"tags":[],"class_list":["post-3486","post","type-post","status-publish","format-standard","has-post-thumbnail","hentry","category-haberler"],"_links":{"self":[{"href":"https:\/\/www.abchukuk.com\/index.php\/wp-json\/wp\/v2\/posts\/3486","targetHints":{"allow":["GET"]}}],"collection":[{"href":"https:\/\/www.abchukuk.com\/index.php\/wp-json\/wp\/v2\/posts"}],"about":[{"href":"https:\/\/www.abchukuk.com\/index.php\/wp-json\/wp\/v2\/types\/post"}],"author":[{"embeddable":true,"href":"https:\/\/www.abchukuk.com\/index.php\/wp-json\/wp\/v2\/users\/1"}],"replies":[{"embeddable":true,"href":"https:\/\/www.abchukuk.com\/index.php\/wp-json\/wp\/v2\/comments?post=3486"}],"version-history":[{"count":0,"href":"https:\/\/www.abchukuk.com\/index.php\/wp-json\/wp\/v2\/posts\/3486\/revisions"}],"wp:featuredmedia":[{"embeddable":true,"href":"https:\/\/www.abchukuk.com\/index.php\/wp-json\/wp\/v2\/media\/3487"}],"wp:attachment":[{"href":"https:\/\/www.abchukuk.com\/index.php\/wp-json\/wp\/v2\/media?parent=3486"}],"wp:term":[{"taxonomy":"category","embeddable":true,"href":"https:\/\/www.abchukuk.com\/index.php\/wp-json\/wp\/v2\/categories?post=3486"},{"taxonomy":"post_tag","embeddable":true,"href":"https:\/\/www.abchukuk.com\/index.php\/wp-json\/wp\/v2\/tags?post=3486"}],"curies":[{"name":"wp","href":"https:\/\/api.w.org\/{rel}","templated":true}]}}