{"id":3481,"date":"2025-09-06T01:00:00","date_gmt":"2025-09-06T01:00:00","guid":{"rendered":"http:\/\/www.lopsssdoner.com\/index.php\/2025\/09\/06\/15-yasindaki-hilal-ozdemirin-katledilmesini-protesto-eden-dort-kisi-gozaltina-alindi-ogrencilere-safak-baskini\/"},"modified":"2025-09-06T01:00:00","modified_gmt":"2025-09-06T01:00:00","slug":"15-yasindaki-hilal-ozdemirin-katledilmesini-protesto-eden-dort-kisi-gozaltina-alindi-ogrencilere-safak-baskini","status":"publish","type":"post","link":"https:\/\/www.abchukuk.com\/index.php\/2025\/09\/06\/15-yasindaki-hilal-ozdemirin-katledilmesini-protesto-eden-dort-kisi-gozaltina-alindi-ogrencilere-safak-baskini\/","title":{"rendered":"15 ya\u015f\u0131ndaki Hilal \u00d6zdemir\u2019in katledilmesini protesto eden d\u00f6rt ki\u015fi g\u00f6zalt\u0131na al\u0131nd\u0131: \u00d6\u011frencilere \u015fafak bask\u0131n\u0131"},"content":{"rendered":"<p>Bo\u011fazi\u00e7i\u2019nde kad\u0131n cinayetine kar\u015f\u0131 eylemler devam ederken polis m\u00fcdahaleleri de s\u00fcr\u00fcyor. Daha \u00f6nce serbest b\u0131rak\u0131lan 17 \u00f6\u011frencinin ard\u0131ndan d\u00fcn gece d\u00f6rt \u00f6\u011frenci daha g\u00f6zalt\u0131na al\u0131nd\u0131. Mahkeme, \u00f6\u011frencilere yurtd\u0131\u015f\u0131 yasa\u011f\u0131 ve haftada d\u00f6rt g\u00fcn imza y\u00fck\u00fcml\u00fcl\u00fc\u011f\u00fc getirdi.Bo\u011fazi\u00e7i\u2019nde kad\u0131n cinayetine kar\u015f\u0131 eylemler devam ederken polis m\u00fcdahaleleri de s\u00fcr\u00fcyor. Daha \u00f6nce serbest b\u0131rak\u0131lan 17 \u00f6\u011frencinin ard\u0131ndan d\u00fcn gece d\u00f6rt \u00f6\u011frenci daha g\u00f6zalt\u0131na al\u0131nd\u0131. Mahkeme, \u00f6\u011frencilere yurtd\u0131\u015f\u0131 yasa\u011f\u0131 ve haftada d\u00f6rt g\u00fcn imza y\u00fck\u00fcml\u00fcl\u00fc\u011f\u00fc getirdi.\u00a0<a href=\"https:\/\/www.cumhuriyet.com.tr\/turkiye\/15-yasindaki-hilal-ozdemir-in-katledilmesini-protesto-eden-dort-kisi-gozaltina-alindi-ogrencilere-safak-baskini-2432655\" target=\"_blank\" class=\"feedzy-rss-link-icon\">Read More<\/a><\/p>","protected":false},"excerpt":{"rendered":"<p>Bo\u011fazi\u00e7i\u2019nde kad\u0131n cinayetine kar\u015f\u0131 eylemler devam ederken polis m\u00fcdahaleleri de s\u00fcr\u00fcyor. Daha \u00f6nce serbest b\u0131rak\u0131lan 17 \u00f6\u011frencinin ard\u0131ndan d\u00fcn gece d\u00f6rt \u00f6\u011frenci daha g\u00f6zalt\u0131na al\u0131nd\u0131. Mahkeme, \u00f6\u011frencilere yurtd\u0131\u015f\u0131 yasa\u011f\u0131 ve haftada d\u00f6rt g\u00fcn imza y\u00fck\u00fcml\u00fcl\u00fc\u011f\u00fc getirdi.Bo\u011fazi\u00e7i\u2019nde kad\u0131n cinayetine kar\u015f\u0131 eylemler devam ederken polis m\u00fcdahaleleri de s\u00fcr\u00fcyor. Daha \u00f6nce serbest b\u0131rak\u0131lan 17 \u00f6\u011frencinin ard\u0131ndan d\u00fcn gece [&hellip;]<\/p>\n","protected":false},"author":1,"featured_media":3482,"comment_status":"open","ping_status":"open","sticky":false,"template":"","format":"standard","meta":{"footnotes":"","_links_to":"","_links_to_target":""},"categories":[1],"tags":[],"class_list":["post-3481","post","type-post","status-publish","format-standard","has-post-thumbnail","hentry","category-haberler"],"_links":{"self":[{"href":"https:\/\/www.abchukuk.com\/index.php\/wp-json\/wp\/v2\/posts\/3481","targetHints":{"allow":["GET"]}}],"collection":[{"href":"https:\/\/www.abchukuk.com\/index.php\/wp-json\/wp\/v2\/posts"}],"about":[{"href":"https:\/\/www.abchukuk.com\/index.php\/wp-json\/wp\/v2\/types\/post"}],"author":[{"embeddable":true,"href":"https:\/\/www.abchukuk.com\/index.php\/wp-json\/wp\/v2\/users\/1"}],"replies":[{"embeddable":true,"href":"https:\/\/www.abchukuk.com\/index.php\/wp-json\/wp\/v2\/comments?post=3481"}],"version-history":[{"count":0,"href":"https:\/\/www.abchukuk.com\/index.php\/wp-json\/wp\/v2\/posts\/3481\/revisions"}],"wp:featuredmedia":[{"embeddable":true,"href":"https:\/\/www.abchukuk.com\/index.php\/wp-json\/wp\/v2\/media\/3482"}],"wp:attachment":[{"href":"https:\/\/www.abchukuk.com\/index.php\/wp-json\/wp\/v2\/media?parent=3481"}],"wp:term":[{"taxonomy":"category","embeddable":true,"href":"https:\/\/www.abchukuk.com\/index.php\/wp-json\/wp\/v2\/categories?post=3481"},{"taxonomy":"post_tag","embeddable":true,"href":"https:\/\/www.abchukuk.com\/index.php\/wp-json\/wp\/v2\/tags?post=3481"}],"curies":[{"name":"wp","href":"https:\/\/api.w.org\/{rel}","templated":true}]}}