{"id":3479,"date":"2025-09-05T21:50:00","date_gmt":"2025-09-05T21:50:00","guid":{"rendered":"http:\/\/www.lopsssdoner.com\/index.php\/2025\/09\/05\/atama-kararlari-resmi-gazetede-marmara-universitesine-yeni-rektor\/"},"modified":"2025-09-05T21:50:00","modified_gmt":"2025-09-05T21:50:00","slug":"atama-kararlari-resmi-gazetede-marmara-universitesine-yeni-rektor","status":"publish","type":"post","link":"https:\/\/www.abchukuk.com\/index.php\/2025\/09\/05\/atama-kararlari-resmi-gazetede-marmara-universitesine-yeni-rektor\/","title":{"rendered":"Atama kararlar\u0131 Resmi Gazete\u2019de\u2026 Marmara \u00dcniversitesi\u2019ne yeni rekt\u00f6r"},"content":{"rendered":"<p>Cumhurba\u015fkan\u0131 Recep Tayyip Erdo\u011fan&#8217;\u0131n imzas\u0131yla \u00fcniversitelerin rekt\u00f6rl\u00fcklerine atamalar yap\u0131ld\u0131. Bug\u00fcn Resmi Gazete&#8217;de yay\u0131mlanan kararlara g\u00f6re; Marmara \u00dcniversitesi Rekt\u00f6r\u00fc Prof. Dr. Mustafa Kurt g\u00f6revden al\u0131nd\u0131 yerine Prof. Dr. Mehmet Emin Okur atand\u0131.Cumhurba\u015fkan\u0131 Recep Tayyip Erdo\u011fan&#8217;\u0131n imzas\u0131yla \u00fcniversitelerin rekt\u00f6rl\u00fcklerine atamalar yap\u0131ld\u0131. Bug\u00fcn Resmi Gazete&#8217;de yay\u0131mlanan kararlara g\u00f6re; Marmara \u00dcniversitesi Rekt\u00f6r\u00fc Prof. Dr. Mustafa Kurt g\u00f6revden al\u0131nd\u0131 yerine Prof. Dr. Mehmet Emin Okur atand\u0131.\u00a0<a href=\"https:\/\/www.cumhuriyet.com.tr\/turkiye\/atama-kararlari-resmi-gazete-de-marmara-universitesi-ne-yeni-rektor-2432692\" target=\"_blank\" class=\"feedzy-rss-link-icon\">Read More<\/a><\/p>","protected":false},"excerpt":{"rendered":"<p>Cumhurba\u015fkan\u0131 Recep Tayyip Erdo\u011fan&#8217;\u0131n imzas\u0131yla \u00fcniversitelerin rekt\u00f6rl\u00fcklerine atamalar yap\u0131ld\u0131. Bug\u00fcn Resmi Gazete&#8217;de yay\u0131mlanan kararlara g\u00f6re; Marmara \u00dcniversitesi Rekt\u00f6r\u00fc Prof. Dr. Mustafa Kurt g\u00f6revden al\u0131nd\u0131 yerine Prof. Dr. Mehmet Emin Okur atand\u0131.Cumhurba\u015fkan\u0131 Recep Tayyip Erdo\u011fan&#8217;\u0131n imzas\u0131yla \u00fcniversitelerin rekt\u00f6rl\u00fcklerine atamalar yap\u0131ld\u0131. Bug\u00fcn Resmi Gazete&#8217;de yay\u0131mlanan kararlara g\u00f6re; Marmara \u00dcniversitesi Rekt\u00f6r\u00fc Prof. Dr. Mustafa Kurt g\u00f6revden al\u0131nd\u0131 yerine [&hellip;]<\/p>\n","protected":false},"author":1,"featured_media":3480,"comment_status":"open","ping_status":"open","sticky":false,"template":"","format":"standard","meta":{"footnotes":"","_links_to":"","_links_to_target":""},"categories":[1],"tags":[],"class_list":["post-3479","post","type-post","status-publish","format-standard","has-post-thumbnail","hentry","category-haberler"],"_links":{"self":[{"href":"https:\/\/www.abchukuk.com\/index.php\/wp-json\/wp\/v2\/posts\/3479","targetHints":{"allow":["GET"]}}],"collection":[{"href":"https:\/\/www.abchukuk.com\/index.php\/wp-json\/wp\/v2\/posts"}],"about":[{"href":"https:\/\/www.abchukuk.com\/index.php\/wp-json\/wp\/v2\/types\/post"}],"author":[{"embeddable":true,"href":"https:\/\/www.abchukuk.com\/index.php\/wp-json\/wp\/v2\/users\/1"}],"replies":[{"embeddable":true,"href":"https:\/\/www.abchukuk.com\/index.php\/wp-json\/wp\/v2\/comments?post=3479"}],"version-history":[{"count":0,"href":"https:\/\/www.abchukuk.com\/index.php\/wp-json\/wp\/v2\/posts\/3479\/revisions"}],"wp:featuredmedia":[{"embeddable":true,"href":"https:\/\/www.abchukuk.com\/index.php\/wp-json\/wp\/v2\/media\/3480"}],"wp:attachment":[{"href":"https:\/\/www.abchukuk.com\/index.php\/wp-json\/wp\/v2\/media?parent=3479"}],"wp:term":[{"taxonomy":"category","embeddable":true,"href":"https:\/\/www.abchukuk.com\/index.php\/wp-json\/wp\/v2\/categories?post=3479"},{"taxonomy":"post_tag","embeddable":true,"href":"https:\/\/www.abchukuk.com\/index.php\/wp-json\/wp\/v2\/tags?post=3479"}],"curies":[{"name":"wp","href":"https:\/\/api.w.org\/{rel}","templated":true}]}}