{"id":3478,"date":"2025-09-05T22:30:40","date_gmt":"2025-09-05T22:30:40","guid":{"rendered":"http:\/\/www.lopsssdoner.com\/index.php\/2025\/09\/05\/adalet-bakanligina-yeni-atamalar\/"},"modified":"2025-09-05T22:30:40","modified_gmt":"2025-09-05T22:30:40","slug":"adalet-bakanligina-yeni-atamalar","status":"publish","type":"post","link":"https:\/\/www.abchukuk.com\/index.php\/2025\/09\/05\/adalet-bakanligina-yeni-atamalar\/","title":{"rendered":"Adalet Bakanl\u0131\u011f\u0131\u2019na yeni atamalar"},"content":{"rendered":"<p class=\"p1\">5 Eyl\u00fcl 2025 tarihli Cumhurba\u015fkan\u0131 Karar\u0131 uyar\u0131nca, Adalet M\u00fcfetti\u015fleri aras\u0131ndan belirlenen isimler ba\u015fm\u00fcfetti\u015flik g\u00f6revine getirildi. Karar\u0131n Resm\u00ee Gazete\u2019de yay\u0131mland\u0131.<\/p>\n<p class=\"p1\"><span class=\"s1\">BA\u015eM\u00dcFETT\u0130\u015eL\u0130K G\u00d6REV\u0130NE GET\u0130R\u0130LEN \u0130S\u0130MLER<\/span><\/p>\n<p class=\"p1\"><span class=\"s2\">Adalet Bakanl\u0131\u011f\u0131\u2019nda ba\u015fm\u00fcfetti\u015flik g\u00f6revine \u00d6mer Alkan, Ahmet Murat Kaynarsoy, Ak\u0131n Kavi, Hakan Vapur, Suzan Unat, Erhan Dilbaz, Fatih Tuncer, Mevl\u00fct Karata\u015f ve \u00d6zg\u00fcr Du\u011fan getirildi.<\/span><\/p>\n<p>Cumhurba\u015fkan\u0131 Recep Tayyip Erdo\u011fan\u2019\u0131n imzas\u0131yla Resm\u00ee Gazete\u2019de yay\u0131mlanan karara g\u00f6re, Adalet Bakanl\u0131\u011f\u0131\u2019nda a\u00e7\u0131k bulunan Adalet Ba\u015fm\u00fcfetti\u015fliklerine yeni atamalar ger\u00e7ekle\u015ftirildi.\u00a0<a href=\"https:\/\/www.son.tv\/adalet-bakanligina-yeni-atamalar-yapildi\/\" target=\"_blank\" class=\"feedzy-rss-link-icon\">Read More<\/a><\/p>","protected":false},"excerpt":{"rendered":"<p>5 Eyl\u00fcl 2025 tarihli Cumhurba\u015fkan\u0131 Karar\u0131 uyar\u0131nca, Adalet M\u00fcfetti\u015fleri aras\u0131ndan belirlenen isimler ba\u015fm\u00fcfetti\u015flik g\u00f6revine getirildi. Karar\u0131n Resm\u00ee Gazete\u2019de yay\u0131mland\u0131. BA\u015eM\u00dcFETT\u0130\u015eL\u0130K G\u00d6REV\u0130NE GET\u0130R\u0130LEN \u0130S\u0130MLER Adalet Bakanl\u0131\u011f\u0131\u2019nda ba\u015fm\u00fcfetti\u015flik g\u00f6revine \u00d6mer Alkan, Ahmet Murat Kaynarsoy, Ak\u0131n Kavi, Hakan Vapur, Suzan Unat, Erhan Dilbaz, Fatih Tuncer, Mevl\u00fct Karata\u015f ve \u00d6zg\u00fcr Du\u011fan getirildi. Cumhurba\u015fkan\u0131 Recep Tayyip Erdo\u011fan\u2019\u0131n imzas\u0131yla Resm\u00ee Gazete\u2019de [&hellip;]<\/p>\n","protected":false},"author":1,"featured_media":0,"comment_status":"open","ping_status":"open","sticky":false,"template":"","format":"standard","meta":{"footnotes":"","_links_to":"","_links_to_target":""},"categories":[1],"tags":[],"class_list":["post-3478","post","type-post","status-publish","format-standard","hentry","category-haberler"],"_links":{"self":[{"href":"https:\/\/www.abchukuk.com\/index.php\/wp-json\/wp\/v2\/posts\/3478","targetHints":{"allow":["GET"]}}],"collection":[{"href":"https:\/\/www.abchukuk.com\/index.php\/wp-json\/wp\/v2\/posts"}],"about":[{"href":"https:\/\/www.abchukuk.com\/index.php\/wp-json\/wp\/v2\/types\/post"}],"author":[{"embeddable":true,"href":"https:\/\/www.abchukuk.com\/index.php\/wp-json\/wp\/v2\/users\/1"}],"replies":[{"embeddable":true,"href":"https:\/\/www.abchukuk.com\/index.php\/wp-json\/wp\/v2\/comments?post=3478"}],"version-history":[{"count":0,"href":"https:\/\/www.abchukuk.com\/index.php\/wp-json\/wp\/v2\/posts\/3478\/revisions"}],"wp:attachment":[{"href":"https:\/\/www.abchukuk.com\/index.php\/wp-json\/wp\/v2\/media?parent=3478"}],"wp:term":[{"taxonomy":"category","embeddable":true,"href":"https:\/\/www.abchukuk.com\/index.php\/wp-json\/wp\/v2\/categories?post=3478"},{"taxonomy":"post_tag","embeddable":true,"href":"https:\/\/www.abchukuk.com\/index.php\/wp-json\/wp\/v2\/tags?post=3478"}],"curies":[{"name":"wp","href":"https:\/\/api.w.org\/{rel}","templated":true}]}}