{"id":3473,"date":"2025-09-05T21:43:00","date_gmt":"2025-09-05T21:43:00","guid":{"rendered":"http:\/\/www.lopsssdoner.com\/index.php\/2025\/09\/05\/resmi-gazetede-yayimlandi-disisleri-bakan-yardimciligina-islam-isbirligi-teskilatindan-musa-kulaklikaya-getirildi\/"},"modified":"2025-09-05T21:43:00","modified_gmt":"2025-09-05T21:43:00","slug":"resmi-gazetede-yayimlandi-disisleri-bakan-yardimciligina-islam-isbirligi-teskilatindan-musa-kulaklikaya-getirildi","status":"publish","type":"post","link":"https:\/\/www.abchukuk.com\/index.php\/2025\/09\/05\/resmi-gazetede-yayimlandi-disisleri-bakan-yardimciligina-islam-isbirligi-teskilatindan-musa-kulaklikaya-getirildi\/","title":{"rendered":"Resmi Gazete\u2019de yay\u0131mland\u0131! D\u0131\u015fi\u015fleri Bakan Yard\u0131mc\u0131l\u0131\u011f\u0131&#8217;na \u0130slam \u0130\u015fbirli\u011fi Te\u015fkilat\u0131&#8217;ndan Musa Kulakl\u0131kaya getirildi"},"content":{"rendered":"<p>Cumhurba\u015fkanl\u0131\u011f\u0131 kararnamesiyle D\u0131\u015fi\u015fleri Bakan Yard\u0131mc\u0131l\u0131\u011f\u0131 g\u00f6revine Musa Kulakl\u0131kaya getirildi.Cumhurba\u015fkanl\u0131\u011f\u0131 kararnamesiyle D\u0131\u015fi\u015fleri Bakan Yard\u0131mc\u0131l\u0131\u011f\u0131 g\u00f6revine Musa Kulakl\u0131kaya getirildi.\u00a0<a href=\"https:\/\/www.cumhuriyet.com.tr\/turkiye\/resmi-gazete-de-yayimlandi-disisleri-bakan-yardimciligi-na-islam-isbirligi-teskilati-ndan-musa-kulaklikaya-getirildi-2432688\" target=\"_blank\" class=\"feedzy-rss-link-icon\">Read More<\/a><\/p>","protected":false},"excerpt":{"rendered":"<p>Cumhurba\u015fkanl\u0131\u011f\u0131 kararnamesiyle D\u0131\u015fi\u015fleri Bakan Yard\u0131mc\u0131l\u0131\u011f\u0131 g\u00f6revine Musa Kulakl\u0131kaya getirildi.Cumhurba\u015fkanl\u0131\u011f\u0131 kararnamesiyle D\u0131\u015fi\u015fleri Bakan Yard\u0131mc\u0131l\u0131\u011f\u0131 g\u00f6revine Musa Kulakl\u0131kaya getirildi.\u00a0Read More<\/p>\n","protected":false},"author":1,"featured_media":3474,"comment_status":"open","ping_status":"open","sticky":false,"template":"","format":"standard","meta":{"footnotes":"","_links_to":"","_links_to_target":""},"categories":[1],"tags":[],"class_list":["post-3473","post","type-post","status-publish","format-standard","has-post-thumbnail","hentry","category-haberler"],"_links":{"self":[{"href":"https:\/\/www.abchukuk.com\/index.php\/wp-json\/wp\/v2\/posts\/3473","targetHints":{"allow":["GET"]}}],"collection":[{"href":"https:\/\/www.abchukuk.com\/index.php\/wp-json\/wp\/v2\/posts"}],"about":[{"href":"https:\/\/www.abchukuk.com\/index.php\/wp-json\/wp\/v2\/types\/post"}],"author":[{"embeddable":true,"href":"https:\/\/www.abchukuk.com\/index.php\/wp-json\/wp\/v2\/users\/1"}],"replies":[{"embeddable":true,"href":"https:\/\/www.abchukuk.com\/index.php\/wp-json\/wp\/v2\/comments?post=3473"}],"version-history":[{"count":0,"href":"https:\/\/www.abchukuk.com\/index.php\/wp-json\/wp\/v2\/posts\/3473\/revisions"}],"wp:featuredmedia":[{"embeddable":true,"href":"https:\/\/www.abchukuk.com\/index.php\/wp-json\/wp\/v2\/media\/3474"}],"wp:attachment":[{"href":"https:\/\/www.abchukuk.com\/index.php\/wp-json\/wp\/v2\/media?parent=3473"}],"wp:term":[{"taxonomy":"category","embeddable":true,"href":"https:\/\/www.abchukuk.com\/index.php\/wp-json\/wp\/v2\/categories?post=3473"},{"taxonomy":"post_tag","embeddable":true,"href":"https:\/\/www.abchukuk.com\/index.php\/wp-json\/wp\/v2\/tags?post=3473"}],"curies":[{"name":"wp","href":"https:\/\/api.w.org\/{rel}","templated":true}]}}