{"id":3471,"date":"2025-09-05T15:50:00","date_gmt":"2025-09-05T15:50:00","guid":{"rendered":"http:\/\/www.lopsssdoner.com\/index.php\/2025\/09\/05\/sedat-peker-iddialarini-savciliga-tasiyan-avukatlara-cumhurbaskanina-hakaret-iddianamesi\/"},"modified":"2025-09-05T15:50:00","modified_gmt":"2025-09-05T15:50:00","slug":"sedat-peker-iddialarini-savciliga-tasiyan-avukatlara-cumhurbaskanina-hakaret-iddianamesi","status":"publish","type":"post","link":"https:\/\/www.abchukuk.com\/index.php\/2025\/09\/05\/sedat-peker-iddialarini-savciliga-tasiyan-avukatlara-cumhurbaskanina-hakaret-iddianamesi\/","title":{"rendered":"Sedat Peker iddialar\u0131n\u0131 savc\u0131l\u0131\u011fa ta\u015f\u0131yan avukatlara \u201cCumhurba\u015fkan\u0131na hakaret\u201d iddianamesi"},"content":{"rendered":"<p>Bak\u0131rk\u00f6y Cumhuriyet Ba\u015fsavc\u0131l\u0131\u011f\u0131, Sedat Peker\u2019in 2021\u2019deki youtube yay\u0131nlar\u0131nda dile getirdi\u011fi \u201csilah da\u011f\u0131t\u0131m\u0131\u201d iddialar\u0131n\u0131 su\u00e7 duyurusuna konu eden \u00fc\u00e7 avukat hakk\u0131nda \u201cCumhurba\u015fkan\u0131na hakaret\u201d su\u00e7lamas\u0131yla iddianame d\u00fczenledi.Bak\u0131rk\u00f6y Cumhuriyet Ba\u015fsavc\u0131l\u0131\u011f\u0131, Sedat Peker\u2019in 2021\u2019deki youtube yay\u0131nlar\u0131nda dile getirdi\u011fi \u201csilah da\u011f\u0131t\u0131m\u0131\u201d iddialar\u0131n\u0131 su\u00e7 duyurusuna konu eden \u00fc\u00e7 avukat hakk\u0131nda \u201cCumhurba\u015fkan\u0131na hakaret\u201d su\u00e7lamas\u0131yla iddianame d\u00fczenledi.\u00a0<a href=\"https:\/\/www.cumhuriyet.com.tr\/turkiye\/sedat-peker-iddialarini-savciliga-tasiyan-avukatlara-cumhurbaskanina-hakaret-iddianamesi-2432620\" target=\"_blank\" class=\"feedzy-rss-link-icon\">Read More<\/a><\/p>","protected":false},"excerpt":{"rendered":"<p>Bak\u0131rk\u00f6y Cumhuriyet Ba\u015fsavc\u0131l\u0131\u011f\u0131, Sedat Peker\u2019in 2021\u2019deki youtube yay\u0131nlar\u0131nda dile getirdi\u011fi \u201csilah da\u011f\u0131t\u0131m\u0131\u201d iddialar\u0131n\u0131 su\u00e7 duyurusuna konu eden \u00fc\u00e7 avukat hakk\u0131nda \u201cCumhurba\u015fkan\u0131na hakaret\u201d su\u00e7lamas\u0131yla iddianame d\u00fczenledi.Bak\u0131rk\u00f6y Cumhuriyet Ba\u015fsavc\u0131l\u0131\u011f\u0131, Sedat Peker\u2019in 2021\u2019deki youtube yay\u0131nlar\u0131nda dile getirdi\u011fi \u201csilah da\u011f\u0131t\u0131m\u0131\u201d iddialar\u0131n\u0131 su\u00e7 duyurusuna konu eden \u00fc\u00e7 avukat hakk\u0131nda \u201cCumhurba\u015fkan\u0131na hakaret\u201d su\u00e7lamas\u0131yla iddianame d\u00fczenledi.\u00a0Read More<\/p>\n","protected":false},"author":1,"featured_media":3472,"comment_status":"open","ping_status":"open","sticky":false,"template":"","format":"standard","meta":{"footnotes":"","_links_to":"","_links_to_target":""},"categories":[1],"tags":[],"class_list":["post-3471","post","type-post","status-publish","format-standard","has-post-thumbnail","hentry","category-haberler"],"_links":{"self":[{"href":"https:\/\/www.abchukuk.com\/index.php\/wp-json\/wp\/v2\/posts\/3471","targetHints":{"allow":["GET"]}}],"collection":[{"href":"https:\/\/www.abchukuk.com\/index.php\/wp-json\/wp\/v2\/posts"}],"about":[{"href":"https:\/\/www.abchukuk.com\/index.php\/wp-json\/wp\/v2\/types\/post"}],"author":[{"embeddable":true,"href":"https:\/\/www.abchukuk.com\/index.php\/wp-json\/wp\/v2\/users\/1"}],"replies":[{"embeddable":true,"href":"https:\/\/www.abchukuk.com\/index.php\/wp-json\/wp\/v2\/comments?post=3471"}],"version-history":[{"count":0,"href":"https:\/\/www.abchukuk.com\/index.php\/wp-json\/wp\/v2\/posts\/3471\/revisions"}],"wp:featuredmedia":[{"embeddable":true,"href":"https:\/\/www.abchukuk.com\/index.php\/wp-json\/wp\/v2\/media\/3472"}],"wp:attachment":[{"href":"https:\/\/www.abchukuk.com\/index.php\/wp-json\/wp\/v2\/media?parent=3471"}],"wp:term":[{"taxonomy":"category","embeddable":true,"href":"https:\/\/www.abchukuk.com\/index.php\/wp-json\/wp\/v2\/categories?post=3471"},{"taxonomy":"post_tag","embeddable":true,"href":"https:\/\/www.abchukuk.com\/index.php\/wp-json\/wp\/v2\/tags?post=3471"}],"curies":[{"name":"wp","href":"https:\/\/api.w.org\/{rel}","templated":true}]}}