{"id":3469,"date":"2025-09-05T16:48:41","date_gmt":"2025-09-05T16:48:41","guid":{"rendered":"http:\/\/www.lopsssdoner.com\/index.php\/2025\/09\/05\/savci-ercan-kayhan-gozyaslari-ile-topraga-verildi\/"},"modified":"2025-09-05T16:48:41","modified_gmt":"2025-09-05T16:48:41","slug":"savci-ercan-kayhan-gozyaslari-ile-topraga-verildi","status":"publish","type":"post","link":"https:\/\/www.abchukuk.com\/index.php\/2025\/09\/05\/savci-ercan-kayhan-gozyaslari-ile-topraga-verildi\/","title":{"rendered":"Savc\u0131 Ercan Kayhan g\u00f6zya\u015flar\u0131 ile topra\u011fa verildi"},"content":{"rendered":"<p class=\"p1\">\u0130stanbul Adliyesi\u2019nde g\u00f6revli 58 ya\u015f\u0131ndaki Cumhuriyet Savc\u0131s\u0131 Ercan Kayhan, \u0130stanbul \u00c7ekmek\u00f6y\u2019de bir restoranda husumetlisi oldu\u011fu 19 ya\u015f\u0131ndaki Mustafa Can G\u00fcl taraf\u0131ndan b\u0131\u00e7aklanarak hayattan kopar\u0131ld\u0131.<\/p>\n<p><img fetchpriority=\"high\" decoding=\"async\" class=\"alignnone size-full wp-image-162695\" src=\"https:\/\/www.son.tv\/wp-content\/uploads\/2025\/09\/IMG_9333.webp\" alt=\"\" width=\"728\" height=\"410\" \/><\/p>\n<p class=\"p1\"><span class=\"s2\">CENAZE T\u00d6REN\u0130 D\u00dcZENLEND\u0130<br \/>\nHayat\u0131n\u0131 kaybeden Cumhuriyet Savc\u0131s\u0131 Ercan Kayhan i\u00e7in Ata\u015fehir Mimar Sinan Camii\u2019nde cenaze t\u00f6reni d\u00fczenlendi. T\u00f6rene Savc\u0131 Kayhan\u2019\u0131n a<\/span>ilesi, sevenleri ve yak\u0131nlar\u0131n\u0131n yan\u0131 s\u0131ra \u0130stanbul Vali Yard\u0131mc\u0131s\u0131 Hasan G\u00f6zen, \u0130stanbul Cumhuriyet Ba\u015fsavc\u0131s\u0131 Ak\u0131n G\u00fcrlek, \u0130stanbul Anadolu Cumhuriyet Ba\u015fsavc\u0131s\u0131 Zafer Ko\u00e7, \u0130stanbul Anadolu Adalet Komisyonu Ba\u015fkan\u0131 Ahmet Kaya, \u0130l Jandarma Komutan\u0131 Korgeneral Yusuf Kenan Topcu, Ata\u015fehir Kaymakam\u0131 Bekir D\u0131nk\u0131rc\u0131 ile baz\u0131 il\u00e7elerin belediye ba\u015fkanlar\u0131 ve vatanda\u015flar kat\u0131ld\u0131.<\/p>\n<p><img decoding=\"async\" class=\"alignnone size-full wp-image-162758\" src=\"https:\/\/www.son.tv\/wp-content\/uploads\/2025\/09\/IMG_9381.webp\" alt=\"\" width=\"650\" height=\"438\" \/><\/p>\n<p class=\"p1\"><span class=\"s2\">Kayhan\u2019\u0131n cenazesi, Cuma namaz\u0131na m\u00fcteakip k\u0131l\u0131nan namaz\u0131n ard\u0131ndan g\u00f6t\u00fcr\u00fcld\u00fc\u011f\u00fc K\u00fc\u00e7\u00fckyal\u0131 Mezarl\u0131\u011f\u0131\u2019nda topra\u011fa verildi.<\/span><\/p>\n<p><img decoding=\"async\" class=\"alignnone size-full wp-image-162759\" src=\"https:\/\/www.son.tv\/wp-content\/uploads\/2025\/09\/IMG_9382.webp\" alt=\"\" width=\"650\" height=\"433\" \/><\/p>\n<p>\u0130stanbul \u00c7ekmek\u00f6y&#8217;deki restoranda Cumhuriyet Savc\u0131s\u0131 Ercan Kayhan (58), 19 ya\u015f\u0131ndaki Mustafa Can G\u00fcl taraf\u0131ndan bo\u011faz\u0131 kesilerek hayattan kopar\u0131ld\u0131. Cani G\u00fcl, ifadesinde 2 y\u0131l \u00f6nce savc\u0131n\u0131n da orta\u011f\u0131 oldu\u011fu i\u015fletmede \u00e7al\u0131\u015f\u0131rken alaca\u011f\u0131n\u0131 istedi\u011fi i\u00e7in savc\u0131 Kayhan\u2019la aras\u0131nda alaca\u011f\u0131 oldu\u011fu 150 bin TL nedeniyle husumet olu\u015ftu\u011funu anlatt\u0131. Hayat\u0131n\u0131 kaybeden Kayhan i\u00e7in Ata\u015fehir Mimar Sinan Camii&#8217;nde cenaze t\u00f6reni yap\u0131ld\u0131. Kayhan, cuma namaz\u0131n\u0131 m\u00fcteakiben k\u0131l\u0131nan cenaze namaz\u0131n\u0131n ard\u0131ndan K\u00fc\u00e7\u00fckyal\u0131 Mezarl\u0131\u011f\u0131&#8217;nda topra\u011fa verildi.\u00a0<a href=\"https:\/\/www.son.tv\/savci-ercan-kayhan-gozyaslari-ile-topraga-verildi\/\" target=\"_blank\" class=\"feedzy-rss-link-icon\">Read More<\/a><\/p>","protected":false},"excerpt":{"rendered":"<p>\u0130stanbul Adliyesi\u2019nde g\u00f6revli 58 ya\u015f\u0131ndaki Cumhuriyet Savc\u0131s\u0131 Ercan Kayhan, \u0130stanbul \u00c7ekmek\u00f6y\u2019de bir restoranda husumetlisi oldu\u011fu 19 ya\u015f\u0131ndaki Mustafa Can G\u00fcl taraf\u0131ndan b\u0131\u00e7aklanarak hayattan kopar\u0131ld\u0131. CENAZE T\u00d6REN\u0130 D\u00dcZENLEND\u0130 Hayat\u0131n\u0131 kaybeden Cumhuriyet Savc\u0131s\u0131 Ercan Kayhan i\u00e7in Ata\u015fehir Mimar Sinan Camii\u2019nde cenaze t\u00f6reni d\u00fczenlendi. T\u00f6rene Savc\u0131 Kayhan\u2019\u0131n ailesi, sevenleri ve yak\u0131nlar\u0131n\u0131n yan\u0131 s\u0131ra \u0130stanbul Vali Yard\u0131mc\u0131s\u0131 Hasan G\u00f6zen, [&hellip;]<\/p>\n","protected":false},"author":1,"featured_media":3470,"comment_status":"open","ping_status":"open","sticky":false,"template":"","format":"standard","meta":{"footnotes":"","_links_to":"","_links_to_target":""},"categories":[1],"tags":[],"class_list":["post-3469","post","type-post","status-publish","format-standard","has-post-thumbnail","hentry","category-haberler"],"_links":{"self":[{"href":"https:\/\/www.abchukuk.com\/index.php\/wp-json\/wp\/v2\/posts\/3469","targetHints":{"allow":["GET"]}}],"collection":[{"href":"https:\/\/www.abchukuk.com\/index.php\/wp-json\/wp\/v2\/posts"}],"about":[{"href":"https:\/\/www.abchukuk.com\/index.php\/wp-json\/wp\/v2\/types\/post"}],"author":[{"embeddable":true,"href":"https:\/\/www.abchukuk.com\/index.php\/wp-json\/wp\/v2\/users\/1"}],"replies":[{"embeddable":true,"href":"https:\/\/www.abchukuk.com\/index.php\/wp-json\/wp\/v2\/comments?post=3469"}],"version-history":[{"count":0,"href":"https:\/\/www.abchukuk.com\/index.php\/wp-json\/wp\/v2\/posts\/3469\/revisions"}],"wp:featuredmedia":[{"embeddable":true,"href":"https:\/\/www.abchukuk.com\/index.php\/wp-json\/wp\/v2\/media\/3470"}],"wp:attachment":[{"href":"https:\/\/www.abchukuk.com\/index.php\/wp-json\/wp\/v2\/media?parent=3469"}],"wp:term":[{"taxonomy":"category","embeddable":true,"href":"https:\/\/www.abchukuk.com\/index.php\/wp-json\/wp\/v2\/categories?post=3469"},{"taxonomy":"post_tag","embeddable":true,"href":"https:\/\/www.abchukuk.com\/index.php\/wp-json\/wp\/v2\/tags?post=3469"}],"curies":[{"name":"wp","href":"https:\/\/api.w.org\/{rel}","templated":true}]}}