{"id":34675,"date":"2026-06-25T09:21:04","date_gmt":"2026-06-25T09:21:04","guid":{"rendered":"https:\/\/www.abchukuk.com\/index.php\/2026\/06\/25\/dilovasi-parfum-fabrikasi-yangini-sorusturmasinda-8-belediye-gorevlisi-gozaltina-alindi\/"},"modified":"2026-06-25T09:21:04","modified_gmt":"2026-06-25T09:21:04","slug":"dilovasi-parfum-fabrikasi-yangini-sorusturmasinda-8-belediye-gorevlisi-gozaltina-alindi","status":"publish","type":"post","link":"https:\/\/www.abchukuk.com\/index.php\/2026\/06\/25\/dilovasi-parfum-fabrikasi-yangini-sorusturmasinda-8-belediye-gorevlisi-gozaltina-alindi\/","title":{"rendered":"Dilovas\u0131 parf\u00fcm fabrikas\u0131 yang\u0131n\u0131 soru\u015fturmas\u0131nda 8 belediye g\u00f6revlisi g\u00f6zalt\u0131na al\u0131nd\u0131"},"content":{"rendered":"<p>Kocaeli&#8217;nin Dilovas\u0131 il\u00e7esindeki bir kozmetik fabrikas\u0131 yang\u0131n\u0131nda yedi i\u015f\u00e7inin ya\u015fam\u0131n\u0131 yitirmesine ili\u015fkin soru\u015fturma kapsam\u0131nda belediye ba\u015fkan yard\u0131mc\u0131s\u0131 dahil sekiz belediye g\u00f6revlisi g\u00f6zalt\u0131na al\u0131nd\u0131.Kocaeli&#8217;nin Dilovas\u0131 il\u00e7esindeki bir kozmetik fabrikas\u0131 yang\u0131n\u0131nda yedi i\u015f\u00e7inin ya\u015fam\u0131n\u0131 yitirmesine ili\u015fkin soru\u015fturma kapsam\u0131nda belediye ba\u015fkan yard\u0131mc\u0131s\u0131 dahil sekiz belediye g\u00f6revlisi g\u00f6zalt\u0131na al\u0131nd\u0131.\u00a0<a href=\"https:\/\/www.bbc.com\/turkce\/articles\/c30yvn17y2yo?at_medium=RSS&amp;at_campaign=rss\" target=\"_blank\" class=\"feedzy-rss-link-icon\">Read More<\/a><\/p>","protected":false},"excerpt":{"rendered":"<p>Kocaeli&#8217;nin Dilovas\u0131 il\u00e7esindeki bir kozmetik fabrikas\u0131 yang\u0131n\u0131nda yedi i\u015f\u00e7inin ya\u015fam\u0131n\u0131 yitirmesine ili\u015fkin soru\u015fturma kapsam\u0131nda belediye ba\u015fkan yard\u0131mc\u0131s\u0131 dahil sekiz belediye g\u00f6revlisi g\u00f6zalt\u0131na al\u0131nd\u0131.Kocaeli&#8217;nin Dilovas\u0131 il\u00e7esindeki bir kozmetik fabrikas\u0131 yang\u0131n\u0131nda yedi i\u015f\u00e7inin ya\u015fam\u0131n\u0131 yitirmesine ili\u015fkin soru\u015fturma kapsam\u0131nda belediye ba\u015fkan yard\u0131mc\u0131s\u0131 dahil sekiz belediye g\u00f6revlisi g\u00f6zalt\u0131na al\u0131nd\u0131.\u00a0Read More<\/p>\n","protected":false},"author":1,"featured_media":34566,"comment_status":"open","ping_status":"open","sticky":false,"template":"","format":"standard","meta":{"footnotes":"","_links_to":"","_links_to_target":""},"categories":[1],"tags":[],"class_list":["post-34675","post","type-post","status-publish","format-standard","has-post-thumbnail","hentry","category-haberler"],"_links":{"self":[{"href":"https:\/\/www.abchukuk.com\/index.php\/wp-json\/wp\/v2\/posts\/34675","targetHints":{"allow":["GET"]}}],"collection":[{"href":"https:\/\/www.abchukuk.com\/index.php\/wp-json\/wp\/v2\/posts"}],"about":[{"href":"https:\/\/www.abchukuk.com\/index.php\/wp-json\/wp\/v2\/types\/post"}],"author":[{"embeddable":true,"href":"https:\/\/www.abchukuk.com\/index.php\/wp-json\/wp\/v2\/users\/1"}],"replies":[{"embeddable":true,"href":"https:\/\/www.abchukuk.com\/index.php\/wp-json\/wp\/v2\/comments?post=34675"}],"version-history":[{"count":0,"href":"https:\/\/www.abchukuk.com\/index.php\/wp-json\/wp\/v2\/posts\/34675\/revisions"}],"wp:featuredmedia":[{"embeddable":true,"href":"https:\/\/www.abchukuk.com\/index.php\/wp-json\/wp\/v2\/media\/34566"}],"wp:attachment":[{"href":"https:\/\/www.abchukuk.com\/index.php\/wp-json\/wp\/v2\/media?parent=34675"}],"wp:term":[{"taxonomy":"category","embeddable":true,"href":"https:\/\/www.abchukuk.com\/index.php\/wp-json\/wp\/v2\/categories?post=34675"},{"taxonomy":"post_tag","embeddable":true,"href":"https:\/\/www.abchukuk.com\/index.php\/wp-json\/wp\/v2\/tags?post=34675"}],"curies":[{"name":"wp","href":"https:\/\/api.w.org\/{rel}","templated":true}]}}