{"id":34646,"date":"2026-06-25T21:38:00","date_gmt":"2026-06-25T21:38:00","guid":{"rendered":"https:\/\/www.abchukuk.com\/index.php\/2026\/06\/25\/sayistay-baskanligina-metin-yenerin-secilmesi-resmi-gazetede\/"},"modified":"2026-06-25T21:38:00","modified_gmt":"2026-06-25T21:38:00","slug":"sayistay-baskanligina-metin-yenerin-secilmesi-resmi-gazetede","status":"publish","type":"post","link":"https:\/\/www.abchukuk.com\/index.php\/2026\/06\/25\/sayistay-baskanligina-metin-yenerin-secilmesi-resmi-gazetede\/","title":{"rendered":"Say\u0131\u015ftay Ba\u015fkanl\u0131\u011f\u0131&#8217;na Metin Yener\u2019in se\u00e7ilmesi Resmi Gazete\u2019de"},"content":{"rendered":"<p>T\u00fcrkiye B\u00fcy\u00fck Millet Meclisi\u2019nde (TBMM) yap\u0131lan se\u00e7imde Metin Yener\u2019in Say\u0131\u015ftay Ba\u015fkan\u0131 se\u00e7ilmesi Resmi Gazete\u2019de yay\u0131mland\u0131.T\u00fcrkiye B\u00fcy\u00fck Millet Meclisi\u2019nde (TBMM) yap\u0131lan se\u00e7imde Metin Yener\u2019in Say\u0131\u015ftay Ba\u015fkan\u0131 se\u00e7ilmesi Resmi Gazete\u2019de yay\u0131mland\u0131.\u00a0<a href=\"https:\/\/www.cumhuriyet.com.tr\/turkiye\/sayistay-baskanligi-na-metin-yener-in-secilmesi-resmi-gazete-de-2515521\" target=\"_blank\" class=\"feedzy-rss-link-icon\">Read More<\/a><\/p>","protected":false},"excerpt":{"rendered":"<p>T\u00fcrkiye B\u00fcy\u00fck Millet Meclisi\u2019nde (TBMM) yap\u0131lan se\u00e7imde Metin Yener\u2019in Say\u0131\u015ftay Ba\u015fkan\u0131 se\u00e7ilmesi Resmi Gazete\u2019de yay\u0131mland\u0131.T\u00fcrkiye B\u00fcy\u00fck Millet Meclisi\u2019nde (TBMM) yap\u0131lan se\u00e7imde Metin Yener\u2019in Say\u0131\u015ftay Ba\u015fkan\u0131 se\u00e7ilmesi Resmi Gazete\u2019de yay\u0131mland\u0131.\u00a0Read More<\/p>\n","protected":false},"author":1,"featured_media":34647,"comment_status":"open","ping_status":"open","sticky":false,"template":"","format":"standard","meta":{"footnotes":"","_links_to":"","_links_to_target":""},"categories":[1],"tags":[],"class_list":["post-34646","post","type-post","status-publish","format-standard","has-post-thumbnail","hentry","category-haberler"],"_links":{"self":[{"href":"https:\/\/www.abchukuk.com\/index.php\/wp-json\/wp\/v2\/posts\/34646","targetHints":{"allow":["GET"]}}],"collection":[{"href":"https:\/\/www.abchukuk.com\/index.php\/wp-json\/wp\/v2\/posts"}],"about":[{"href":"https:\/\/www.abchukuk.com\/index.php\/wp-json\/wp\/v2\/types\/post"}],"author":[{"embeddable":true,"href":"https:\/\/www.abchukuk.com\/index.php\/wp-json\/wp\/v2\/users\/1"}],"replies":[{"embeddable":true,"href":"https:\/\/www.abchukuk.com\/index.php\/wp-json\/wp\/v2\/comments?post=34646"}],"version-history":[{"count":0,"href":"https:\/\/www.abchukuk.com\/index.php\/wp-json\/wp\/v2\/posts\/34646\/revisions"}],"wp:featuredmedia":[{"embeddable":true,"href":"https:\/\/www.abchukuk.com\/index.php\/wp-json\/wp\/v2\/media\/34647"}],"wp:attachment":[{"href":"https:\/\/www.abchukuk.com\/index.php\/wp-json\/wp\/v2\/media?parent=34646"}],"wp:term":[{"taxonomy":"category","embeddable":true,"href":"https:\/\/www.abchukuk.com\/index.php\/wp-json\/wp\/v2\/categories?post=34646"},{"taxonomy":"post_tag","embeddable":true,"href":"https:\/\/www.abchukuk.com\/index.php\/wp-json\/wp\/v2\/tags?post=34646"}],"curies":[{"name":"wp","href":"https:\/\/api.w.org\/{rel}","templated":true}]}}