{"id":3460,"date":"2025-09-05T12:20:00","date_gmt":"2025-09-05T12:20:00","guid":{"rendered":"http:\/\/www.lopsssdoner.com\/index.php\/2025\/09\/05\/chp-istanbula-kayyum-surecinde-yeni-ayrinti-o-talebi-4-asliye-hukuk-mahkemesi-reddetmis\/"},"modified":"2025-09-05T12:20:00","modified_gmt":"2025-09-05T12:20:00","slug":"chp-istanbula-kayyum-surecinde-yeni-ayrinti-o-talebi-4-asliye-hukuk-mahkemesi-reddetmis","status":"publish","type":"post","link":"https:\/\/www.abchukuk.com\/index.php\/2025\/09\/05\/chp-istanbula-kayyum-surecinde-yeni-ayrinti-o-talebi-4-asliye-hukuk-mahkemesi-reddetmis\/","title":{"rendered":"&#8216;CHP \u0130stanbul&#8217;a kayyum&#8217; s\u00fcrecinde yeni ayr\u0131nt\u0131: O talebi 4. Asliye Hukuk Mahkemesi reddetmi\u015f!"},"content":{"rendered":"<p>\u0130stanbul 45&#8217;inci Asliye Hukuk Mahkemesi&#8217;nce g\u00f6revden al\u0131nan CHP \u0130stanbul il y\u00f6netiminin g\u00f6revden al\u0131nmas\u0131 talebiyle daha \u00f6nce \u0130stanbul 4&#8217;\u00fcnc\u00fc Asliye Hukuk Mahkemesi&#8217;ne yap\u0131lan ba\u015fvurunun reddedildi\u011fi ortaya \u00e7\u0131kt\u0131.\u0130stanbul 45&#8217;inci Asliye Hukuk Mahkemesi&#8217;nce g\u00f6revden al\u0131nan CHP \u0130stanbul il y\u00f6netiminin g\u00f6revden al\u0131nmas\u0131 talebiyle daha \u00f6nce \u0130stanbul 4&#8217;\u00fcnc\u00fc Asliye Hukuk Mahkemesi&#8217;ne yap\u0131lan ba\u015fvurunun reddedildi\u011fi ortaya \u00e7\u0131kt\u0131.\u00a0<a href=\"https:\/\/www.cumhuriyet.com.tr\/siyaset\/chp-istanbul-a-kayyum-surecinde-yeni-ayrinti-o-talebi-4-asliye-hukuk-mahkemesi-reddetmis-2432536\" target=\"_blank\" class=\"feedzy-rss-link-icon\">Read More<\/a><\/p>","protected":false},"excerpt":{"rendered":"<p>\u0130stanbul 45&#8217;inci Asliye Hukuk Mahkemesi&#8217;nce g\u00f6revden al\u0131nan CHP \u0130stanbul il y\u00f6netiminin g\u00f6revden al\u0131nmas\u0131 talebiyle daha \u00f6nce \u0130stanbul 4&#8217;\u00fcnc\u00fc Asliye Hukuk Mahkemesi&#8217;ne yap\u0131lan ba\u015fvurunun reddedildi\u011fi ortaya \u00e7\u0131kt\u0131.\u0130stanbul 45&#8217;inci Asliye Hukuk Mahkemesi&#8217;nce g\u00f6revden al\u0131nan CHP \u0130stanbul il y\u00f6netiminin g\u00f6revden al\u0131nmas\u0131 talebiyle daha \u00f6nce \u0130stanbul 4&#8217;\u00fcnc\u00fc Asliye Hukuk Mahkemesi&#8217;ne yap\u0131lan ba\u015fvurunun reddedildi\u011fi ortaya \u00e7\u0131kt\u0131.\u00a0Read More<\/p>\n","protected":false},"author":1,"featured_media":3461,"comment_status":"open","ping_status":"open","sticky":false,"template":"","format":"standard","meta":{"footnotes":"","_links_to":"","_links_to_target":""},"categories":[1],"tags":[],"class_list":["post-3460","post","type-post","status-publish","format-standard","has-post-thumbnail","hentry","category-haberler"],"_links":{"self":[{"href":"https:\/\/www.abchukuk.com\/index.php\/wp-json\/wp\/v2\/posts\/3460","targetHints":{"allow":["GET"]}}],"collection":[{"href":"https:\/\/www.abchukuk.com\/index.php\/wp-json\/wp\/v2\/posts"}],"about":[{"href":"https:\/\/www.abchukuk.com\/index.php\/wp-json\/wp\/v2\/types\/post"}],"author":[{"embeddable":true,"href":"https:\/\/www.abchukuk.com\/index.php\/wp-json\/wp\/v2\/users\/1"}],"replies":[{"embeddable":true,"href":"https:\/\/www.abchukuk.com\/index.php\/wp-json\/wp\/v2\/comments?post=3460"}],"version-history":[{"count":0,"href":"https:\/\/www.abchukuk.com\/index.php\/wp-json\/wp\/v2\/posts\/3460\/revisions"}],"wp:featuredmedia":[{"embeddable":true,"href":"https:\/\/www.abchukuk.com\/index.php\/wp-json\/wp\/v2\/media\/3461"}],"wp:attachment":[{"href":"https:\/\/www.abchukuk.com\/index.php\/wp-json\/wp\/v2\/media?parent=3460"}],"wp:term":[{"taxonomy":"category","embeddable":true,"href":"https:\/\/www.abchukuk.com\/index.php\/wp-json\/wp\/v2\/categories?post=3460"},{"taxonomy":"post_tag","embeddable":true,"href":"https:\/\/www.abchukuk.com\/index.php\/wp-json\/wp\/v2\/tags?post=3460"}],"curies":[{"name":"wp","href":"https:\/\/api.w.org\/{rel}","templated":true}]}}