{"id":3458,"date":"2025-09-05T12:38:00","date_gmt":"2025-09-05T12:38:00","guid":{"rendered":"http:\/\/www.lopsssdoner.com\/index.php\/2025\/09\/05\/restoranda-bicaklanarak-katledilmisti-cumhuriyet-savcisi-ercan-kayhan-son-yolculuguna-ugurlandi\/"},"modified":"2025-09-05T12:38:00","modified_gmt":"2025-09-05T12:38:00","slug":"restoranda-bicaklanarak-katledilmisti-cumhuriyet-savcisi-ercan-kayhan-son-yolculuguna-ugurlandi","status":"publish","type":"post","link":"https:\/\/www.abchukuk.com\/index.php\/2025\/09\/05\/restoranda-bicaklanarak-katledilmisti-cumhuriyet-savcisi-ercan-kayhan-son-yolculuguna-ugurlandi\/","title":{"rendered":"Restoranda b\u0131\u00e7aklanarak katledilmi\u015fti: Cumhuriyet Savc\u0131s\u0131 Ercan Kayhan son yolculu\u011funa u\u011furland\u0131"},"content":{"rendered":"<p>\u0130stanbul&#8217;un \u00c7ekmek\u00f6y il\u00e7esinde bir restoranda husumetlisi oldu\u011fu 19 ya\u015f\u0131ndaki ki\u015fi taraf\u0131ndan b\u0131\u00e7akl\u0131 sald\u0131r\u0131ya u\u011frayarak hayat\u0131n\u0131 kaybeden Cumhuriyet Savc\u0131s\u0131 Ercan Kayhan (58), Ata\u015fehir Mimar Sinan Camii&#8217;nde d\u00fczenlenen cenaze namaz\u0131n\u0131n ard\u0131ndan son yolculu\u011funa u\u011furland\u0131.\u0130stanbul&#8217;un \u00c7ekmek\u00f6y il\u00e7esinde bir restoranda husumetlisi oldu\u011fu 19 ya\u015f\u0131ndaki ki\u015fi taraf\u0131ndan b\u0131\u00e7akl\u0131 sald\u0131r\u0131ya u\u011frayarak hayat\u0131n\u0131 kaybeden Cumhuriyet Savc\u0131s\u0131 Ercan Kayhan (58), Ata\u015fehir Mimar Sinan Camii&#8217;nde d\u00fczenlenen cenaze namaz\u0131n\u0131n ard\u0131ndan son yolculu\u011funa u\u011furland\u0131.\u00a0<a href=\"https:\/\/www.cumhuriyet.com.tr\/turkiye\/restoranda-bicaklanarak-katledilmisti-cumhuriyet-savcisi-ercan-kayhan-son-yolculuguna-ugurlandi-2432544\" target=\"_blank\" class=\"feedzy-rss-link-icon\">Read More<\/a><\/p>","protected":false},"excerpt":{"rendered":"<p>\u0130stanbul&#8217;un \u00c7ekmek\u00f6y il\u00e7esinde bir restoranda husumetlisi oldu\u011fu 19 ya\u015f\u0131ndaki ki\u015fi taraf\u0131ndan b\u0131\u00e7akl\u0131 sald\u0131r\u0131ya u\u011frayarak hayat\u0131n\u0131 kaybeden Cumhuriyet Savc\u0131s\u0131 Ercan Kayhan (58), Ata\u015fehir Mimar Sinan Camii&#8217;nde d\u00fczenlenen cenaze namaz\u0131n\u0131n ard\u0131ndan son yolculu\u011funa u\u011furland\u0131.\u0130stanbul&#8217;un \u00c7ekmek\u00f6y il\u00e7esinde bir restoranda husumetlisi oldu\u011fu 19 ya\u015f\u0131ndaki ki\u015fi taraf\u0131ndan b\u0131\u00e7akl\u0131 sald\u0131r\u0131ya u\u011frayarak hayat\u0131n\u0131 kaybeden Cumhuriyet Savc\u0131s\u0131 Ercan Kayhan (58), Ata\u015fehir Mimar Sinan [&hellip;]<\/p>\n","protected":false},"author":1,"featured_media":3459,"comment_status":"open","ping_status":"open","sticky":false,"template":"","format":"standard","meta":{"footnotes":"","_links_to":"","_links_to_target":""},"categories":[1],"tags":[],"class_list":["post-3458","post","type-post","status-publish","format-standard","has-post-thumbnail","hentry","category-haberler"],"_links":{"self":[{"href":"https:\/\/www.abchukuk.com\/index.php\/wp-json\/wp\/v2\/posts\/3458","targetHints":{"allow":["GET"]}}],"collection":[{"href":"https:\/\/www.abchukuk.com\/index.php\/wp-json\/wp\/v2\/posts"}],"about":[{"href":"https:\/\/www.abchukuk.com\/index.php\/wp-json\/wp\/v2\/types\/post"}],"author":[{"embeddable":true,"href":"https:\/\/www.abchukuk.com\/index.php\/wp-json\/wp\/v2\/users\/1"}],"replies":[{"embeddable":true,"href":"https:\/\/www.abchukuk.com\/index.php\/wp-json\/wp\/v2\/comments?post=3458"}],"version-history":[{"count":0,"href":"https:\/\/www.abchukuk.com\/index.php\/wp-json\/wp\/v2\/posts\/3458\/revisions"}],"wp:featuredmedia":[{"embeddable":true,"href":"https:\/\/www.abchukuk.com\/index.php\/wp-json\/wp\/v2\/media\/3459"}],"wp:attachment":[{"href":"https:\/\/www.abchukuk.com\/index.php\/wp-json\/wp\/v2\/media?parent=3458"}],"wp:term":[{"taxonomy":"category","embeddable":true,"href":"https:\/\/www.abchukuk.com\/index.php\/wp-json\/wp\/v2\/categories?post=3458"},{"taxonomy":"post_tag","embeddable":true,"href":"https:\/\/www.abchukuk.com\/index.php\/wp-json\/wp\/v2\/tags?post=3458"}],"curies":[{"name":"wp","href":"https:\/\/api.w.org\/{rel}","templated":true}]}}