{"id":3455,"date":"2025-09-05T12:41:59","date_gmt":"2025-09-05T12:41:59","guid":{"rendered":"http:\/\/www.lopsssdoner.com\/index.php\/2025\/09\/05\/bicakli-saldirida-hayatini-kaybeden-savci-ercan-kayhan-son-yolculuguna-ugurlandi-kizi-gozyaslariyla-veda-etti\/"},"modified":"2025-09-05T12:41:59","modified_gmt":"2025-09-05T12:41:59","slug":"bicakli-saldirida-hayatini-kaybeden-savci-ercan-kayhan-son-yolculuguna-ugurlandi-kizi-gozyaslariyla-veda-etti","status":"publish","type":"post","link":"https:\/\/www.abchukuk.com\/index.php\/2025\/09\/05\/bicakli-saldirida-hayatini-kaybeden-savci-ercan-kayhan-son-yolculuguna-ugurlandi-kizi-gozyaslariyla-veda-etti\/","title":{"rendered":"B\u0131\u00e7akl\u0131 sald\u0131r\u0131da hayat\u0131n\u0131 kaybeden savc\u0131 Ercan Kayhan son yolculu\u011funa u\u011furland\u0131: K\u0131z\u0131 g\u00f6zya\u015flar\u0131yla veda etti"},"content":{"rendered":"<p>\u00c7ekmek\u00f6y&#8217;de restoranda b\u0131\u00e7akl\u0131 sald\u0131r\u0131ya u\u011frad\u0131ktan sonra hayat\u0131n\u0131 kaybeden \u0130stanbul Adliyesi&#8217;nde g\u00f6revli savc\u0131 Ercan Kayhan son yolculu\u011funa u\u011furland\u0131.\u00c7ekmek\u00f6y&#8217;de restoranda b\u0131\u00e7akl\u0131 sald\u0131r\u0131ya u\u011frad\u0131ktan sonra hayat\u0131n\u0131 kaybeden \u0130stanbul Adliyesi&#8217;nde g\u00f6revli savc\u0131 Ercan Kayhan son yolculu\u011funa u\u011furland\u0131.\u00a0<a href=\"https:\/\/anlatilaninotesi.com.tr\/20250905\/bicakli-saldirida-hayatini-kaybeden-savci-ercan-kayhan-son-yolculuguna-ugurlandi-1099142048.html\" target=\"_blank\" class=\"feedzy-rss-link-icon\">Read More<\/a><\/p>","protected":false},"excerpt":{"rendered":"<p>\u00c7ekmek\u00f6y&#8217;de restoranda b\u0131\u00e7akl\u0131 sald\u0131r\u0131ya u\u011frad\u0131ktan sonra hayat\u0131n\u0131 kaybeden \u0130stanbul Adliyesi&#8217;nde g\u00f6revli savc\u0131 Ercan Kayhan son yolculu\u011funa u\u011furland\u0131.\u00c7ekmek\u00f6y&#8217;de restoranda b\u0131\u00e7akl\u0131 sald\u0131r\u0131ya u\u011frad\u0131ktan sonra hayat\u0131n\u0131 kaybeden \u0130stanbul Adliyesi&#8217;nde g\u00f6revli savc\u0131 Ercan Kayhan son yolculu\u011funa u\u011furland\u0131.\u00a0Read More<\/p>\n","protected":false},"author":1,"featured_media":0,"comment_status":"open","ping_status":"open","sticky":false,"template":"","format":"standard","meta":{"footnotes":"","_links_to":"","_links_to_target":""},"categories":[1],"tags":[],"class_list":["post-3455","post","type-post","status-publish","format-standard","hentry","category-haberler"],"_links":{"self":[{"href":"https:\/\/www.abchukuk.com\/index.php\/wp-json\/wp\/v2\/posts\/3455","targetHints":{"allow":["GET"]}}],"collection":[{"href":"https:\/\/www.abchukuk.com\/index.php\/wp-json\/wp\/v2\/posts"}],"about":[{"href":"https:\/\/www.abchukuk.com\/index.php\/wp-json\/wp\/v2\/types\/post"}],"author":[{"embeddable":true,"href":"https:\/\/www.abchukuk.com\/index.php\/wp-json\/wp\/v2\/users\/1"}],"replies":[{"embeddable":true,"href":"https:\/\/www.abchukuk.com\/index.php\/wp-json\/wp\/v2\/comments?post=3455"}],"version-history":[{"count":0,"href":"https:\/\/www.abchukuk.com\/index.php\/wp-json\/wp\/v2\/posts\/3455\/revisions"}],"wp:attachment":[{"href":"https:\/\/www.abchukuk.com\/index.php\/wp-json\/wp\/v2\/media?parent=3455"}],"wp:term":[{"taxonomy":"category","embeddable":true,"href":"https:\/\/www.abchukuk.com\/index.php\/wp-json\/wp\/v2\/categories?post=3455"},{"taxonomy":"post_tag","embeddable":true,"href":"https:\/\/www.abchukuk.com\/index.php\/wp-json\/wp\/v2\/tags?post=3455"}],"curies":[{"name":"wp","href":"https:\/\/api.w.org\/{rel}","templated":true}]}}