{"id":34496,"date":"2026-06-24T16:12:46","date_gmt":"2026-06-24T16:12:46","guid":{"rendered":"https:\/\/www.abchukuk.com\/index.php\/2026\/06\/24\/adalet-bakan-yardimcisi-can-tuncaydan-icisleri-bakan-yardimcisi-bulent-turana-ziyaret\/"},"modified":"2026-06-24T16:12:46","modified_gmt":"2026-06-24T16:12:46","slug":"adalet-bakan-yardimcisi-can-tuncaydan-icisleri-bakan-yardimcisi-bulent-turana-ziyaret","status":"publish","type":"post","link":"https:\/\/www.abchukuk.com\/index.php\/2026\/06\/24\/adalet-bakan-yardimcisi-can-tuncaydan-icisleri-bakan-yardimcisi-bulent-turana-ziyaret\/","title":{"rendered":"Adalet Bakan Yard\u0131mc\u0131s\u0131 Can Tuncay\u2019dan \u0130\u00e7i\u015fleri Bakan Yard\u0131mc\u0131s\u0131 B\u00fclent Turan\u2019a ziyaret"},"content":{"rendered":"<p class=\"p1\">Adalet Bakan Yard\u0131mc\u0131s\u0131 Can Tuncay, \u0130\u00e7i\u015fleri Bakan Yard\u0131mc\u0131s\u0131 B\u00fclent Turan\u2019\u0131 makam\u0131nda ziyaret ederek bir araya geldi. G\u00f6r\u00fc\u015fmede, iki bakanl\u0131\u011f\u0131n \u00e7al\u0131\u015fma alanlar\u0131na ili\u015fkin \u00e7e\u015fitli konular masaya yat\u0131r\u0131ld\u0131.<\/p>\n<p class=\"p1\"><span class=\"s1\">KURUMLARIN \u00c7ALI\u015eMALARI DE\u011eERLEND\u0130R\u0130LD\u0130<\/span><\/p>\n<p class=\"p1\"><span class=\"s2\">Ger\u00e7ekle\u015fen ziyarette, Adalet Bakanl\u0131\u011f\u0131 ve ilgili kurumlar\u0131n y\u00fcr\u00fctt\u00fc\u011f\u00fc faaliyetler \u00fczerine kapsaml\u0131 de\u011ferlendirmelerde bulunuldu. Kurumlar aras\u0131 i\u015f birli\u011fi ve kamu hizmetlerinin daha etkin y\u00fcr\u00fct\u00fclmesine y\u00f6nelik konular ele al\u0131nd\u0131.<\/span><\/p>\n<p class=\"p1\"><span class=\"s1\">CAN TUNCAY M\u0130SAF\u0130RPERVERL\u0130\u011e\u0130 \u0130\u00c7\u0130N TE\u015eEKK\u00dcR ETT\u0130<\/span><\/p>\n<p class=\"p1\"><span class=\"s2\">Ziyarete ili\u015fkin a\u00e7\u0131klama yapan Tuncay, \u201cBug\u00fcn \u0130\u00e7i\u015fleri Bakan Yard\u0131mc\u0131m\u0131z Say\u0131n B\u00fclent Turan\u2019\u0131 makam\u0131nda ziyaret ederek olduk\u00e7a verimli bir sohbet ger\u00e7ekle\u015ftirdik. Bakanl\u0131\u011f\u0131m\u0131z\u0131n ve kurumlar\u0131m\u0131z\u0131n y\u00fcr\u00fctt\u00fc\u011f\u00fc \u00e7al\u0131\u015fmalar \u00fczerine de\u011ferlendirmelerde bulundu\u011fumuz Say\u0131n Bakan Yard\u0131mc\u0131m\u0131za samimi misafirperverli\u011fi i\u00e7in te\u015fekk\u00fcr ediyor, \u00e7al\u0131\u015fmalar\u0131nda ba\u015far\u0131lar diliyorum\u201d ifadelerini kulland\u0131. <\/span><\/p>\n<p>Adalet Bakan Yard\u0131mc\u0131s\u0131 Can Tuncay, \u0130\u00e7i\u015fleri Bakan Yard\u0131mc\u0131s\u0131 B\u00fclent Turan\u2019\u0131 makam\u0131nda ziyaret etti. Ger\u00e7ekle\u015ftirilen g\u00f6r\u00fc\u015fmede bakanl\u0131klar ve ba\u011fl\u0131 kurumlar\u0131n y\u00fcr\u00fctt\u00fc\u011f\u00fc \u00e7al\u0131\u015fmalar ele al\u0131n\u0131rken, kamu hizmetlerinin etkinli\u011fi ve kurumlar aras\u0131 koordinasyona ili\u015fkin de\u011ferlendirmelerde bulunuldu. Tuncay, verimli ge\u00e7en g\u00f6r\u00fc\u015fme dolay\u0131s\u0131yla Turan\u2019a misafirperverli\u011fi i\u00e7in te\u015fekk\u00fcr ederek \u00e7al\u0131\u015fmalar\u0131nda ba\u015far\u0131lar diledi.\u00a0<a href=\"https:\/\/www.son.tv\/adalet-bakan-yardimcisi-can-tuncaydan-icisleri-bakan-yardimcisi-bulent-turana-ziyaret\/\" target=\"_blank\" class=\"feedzy-rss-link-icon\">Read More<\/a><\/p>","protected":false},"excerpt":{"rendered":"<p>Adalet Bakan Yard\u0131mc\u0131s\u0131 Can Tuncay, \u0130\u00e7i\u015fleri Bakan Yard\u0131mc\u0131s\u0131 B\u00fclent Turan\u2019\u0131 makam\u0131nda ziyaret ederek bir araya geldi. G\u00f6r\u00fc\u015fmede, iki bakanl\u0131\u011f\u0131n \u00e7al\u0131\u015fma alanlar\u0131na ili\u015fkin \u00e7e\u015fitli konular masaya yat\u0131r\u0131ld\u0131. KURUMLARIN \u00c7ALI\u015eMALARI DE\u011eERLEND\u0130R\u0130LD\u0130 Ger\u00e7ekle\u015fen ziyarette, Adalet Bakanl\u0131\u011f\u0131 ve ilgili kurumlar\u0131n y\u00fcr\u00fctt\u00fc\u011f\u00fc faaliyetler \u00fczerine kapsaml\u0131 de\u011ferlendirmelerde bulunuldu. Kurumlar aras\u0131 i\u015f birli\u011fi ve kamu hizmetlerinin daha etkin y\u00fcr\u00fct\u00fclmesine y\u00f6nelik konular ele [&hellip;]<\/p>\n","protected":false},"author":1,"featured_media":0,"comment_status":"open","ping_status":"open","sticky":false,"template":"","format":"standard","meta":{"footnotes":"","_links_to":"","_links_to_target":""},"categories":[1],"tags":[],"class_list":["post-34496","post","type-post","status-publish","format-standard","hentry","category-haberler"],"_links":{"self":[{"href":"https:\/\/www.abchukuk.com\/index.php\/wp-json\/wp\/v2\/posts\/34496","targetHints":{"allow":["GET"]}}],"collection":[{"href":"https:\/\/www.abchukuk.com\/index.php\/wp-json\/wp\/v2\/posts"}],"about":[{"href":"https:\/\/www.abchukuk.com\/index.php\/wp-json\/wp\/v2\/types\/post"}],"author":[{"embeddable":true,"href":"https:\/\/www.abchukuk.com\/index.php\/wp-json\/wp\/v2\/users\/1"}],"replies":[{"embeddable":true,"href":"https:\/\/www.abchukuk.com\/index.php\/wp-json\/wp\/v2\/comments?post=34496"}],"version-history":[{"count":0,"href":"https:\/\/www.abchukuk.com\/index.php\/wp-json\/wp\/v2\/posts\/34496\/revisions"}],"wp:attachment":[{"href":"https:\/\/www.abchukuk.com\/index.php\/wp-json\/wp\/v2\/media?parent=34496"}],"wp:term":[{"taxonomy":"category","embeddable":true,"href":"https:\/\/www.abchukuk.com\/index.php\/wp-json\/wp\/v2\/categories?post=34496"},{"taxonomy":"post_tag","embeddable":true,"href":"https:\/\/www.abchukuk.com\/index.php\/wp-json\/wp\/v2\/tags?post=34496"}],"curies":[{"name":"wp","href":"https:\/\/api.w.org\/{rel}","templated":true}]}}