{"id":34494,"date":"2026-06-24T16:13:00","date_gmt":"2026-06-24T16:13:00","guid":{"rendered":"https:\/\/www.abchukuk.com\/index.php\/2026\/06\/24\/ibb-borsasi-ile-gundeme-gelmisti-o-avukat-ozgur-ozelin-tutuklanmasi-talebiyle-dilekce-verdi\/"},"modified":"2026-06-24T16:13:00","modified_gmt":"2026-06-24T16:13:00","slug":"ibb-borsasi-ile-gundeme-gelmisti-o-avukat-ozgur-ozelin-tutuklanmasi-talebiyle-dilekce-verdi","status":"publish","type":"post","link":"https:\/\/www.abchukuk.com\/index.php\/2026\/06\/24\/ibb-borsasi-ile-gundeme-gelmisti-o-avukat-ozgur-ozelin-tutuklanmasi-talebiyle-dilekce-verdi\/","title":{"rendered":"&#8216;\u0130BB borsas\u0131&#8217; ile g\u00fcndeme gelmi\u015fti: O avukat \u00d6zg\u00fcr \u00d6zel&#8217;in tutuklanmas\u0131 talebiyle dilek\u00e7e verdi"},"content":{"rendered":"<p>&#8216;\u0130BB borsas\u0131&#8217; iddias\u0131yla hakk\u0131nda soru\u015fturma ba\u015flat\u0131lan ve g\u00f6zalt\u0131na al\u0131nan avukat Mehmet Y\u0131ld\u0131r\u0131m, CHP lideri \u00d6zg\u00fcr \u00d6zel&#8217;in tutuklanmas\u0131 talebiyle su\u00e7 duyurusunda bulundu.&#8217;\u0130BB borsas\u0131&#8217; iddias\u0131yla hakk\u0131nda soru\u015fturma ba\u015flat\u0131lan ve g\u00f6zalt\u0131na al\u0131nan avukat Mehmet Y\u0131ld\u0131r\u0131m, CHP lideri \u00d6zg\u00fcr \u00d6zel&#8217;in tutuklanmas\u0131 talebiyle su\u00e7 duyurusunda bulundu.\u00a0<a href=\"https:\/\/www.cumhuriyet.com.tr\/siyaset\/ibb-borsasi-ile-gundeme-gelmisti-o-avukat-ozgur-ozel-in-tutuklanmasi-talebiyle-dilekce-verdi-2515117\" target=\"_blank\" class=\"feedzy-rss-link-icon\">Read More<\/a><\/p>","protected":false},"excerpt":{"rendered":"<p>&#8216;\u0130BB borsas\u0131&#8217; iddias\u0131yla hakk\u0131nda soru\u015fturma ba\u015flat\u0131lan ve g\u00f6zalt\u0131na al\u0131nan avukat Mehmet Y\u0131ld\u0131r\u0131m, CHP lideri \u00d6zg\u00fcr \u00d6zel&#8217;in tutuklanmas\u0131 talebiyle su\u00e7 duyurusunda bulundu.&#8217;\u0130BB borsas\u0131&#8217; iddias\u0131yla hakk\u0131nda soru\u015fturma ba\u015flat\u0131lan ve g\u00f6zalt\u0131na al\u0131nan avukat Mehmet Y\u0131ld\u0131r\u0131m, CHP lideri \u00d6zg\u00fcr \u00d6zel&#8217;in tutuklanmas\u0131 talebiyle su\u00e7 duyurusunda bulundu.\u00a0Read More<\/p>\n","protected":false},"author":1,"featured_media":34495,"comment_status":"open","ping_status":"open","sticky":false,"template":"","format":"standard","meta":{"footnotes":"","_links_to":"","_links_to_target":""},"categories":[1],"tags":[],"class_list":["post-34494","post","type-post","status-publish","format-standard","has-post-thumbnail","hentry","category-haberler"],"_links":{"self":[{"href":"https:\/\/www.abchukuk.com\/index.php\/wp-json\/wp\/v2\/posts\/34494","targetHints":{"allow":["GET"]}}],"collection":[{"href":"https:\/\/www.abchukuk.com\/index.php\/wp-json\/wp\/v2\/posts"}],"about":[{"href":"https:\/\/www.abchukuk.com\/index.php\/wp-json\/wp\/v2\/types\/post"}],"author":[{"embeddable":true,"href":"https:\/\/www.abchukuk.com\/index.php\/wp-json\/wp\/v2\/users\/1"}],"replies":[{"embeddable":true,"href":"https:\/\/www.abchukuk.com\/index.php\/wp-json\/wp\/v2\/comments?post=34494"}],"version-history":[{"count":0,"href":"https:\/\/www.abchukuk.com\/index.php\/wp-json\/wp\/v2\/posts\/34494\/revisions"}],"wp:featuredmedia":[{"embeddable":true,"href":"https:\/\/www.abchukuk.com\/index.php\/wp-json\/wp\/v2\/media\/34495"}],"wp:attachment":[{"href":"https:\/\/www.abchukuk.com\/index.php\/wp-json\/wp\/v2\/media?parent=34494"}],"wp:term":[{"taxonomy":"category","embeddable":true,"href":"https:\/\/www.abchukuk.com\/index.php\/wp-json\/wp\/v2\/categories?post=34494"},{"taxonomy":"post_tag","embeddable":true,"href":"https:\/\/www.abchukuk.com\/index.php\/wp-json\/wp\/v2\/tags?post=34494"}],"curies":[{"name":"wp","href":"https:\/\/api.w.org\/{rel}","templated":true}]}}