{"id":34492,"date":"2026-06-24T16:14:00","date_gmt":"2026-06-24T16:14:00","guid":{"rendered":"https:\/\/www.abchukuk.com\/index.php\/2026\/06\/24\/bakimevinde-olum-davasinda-tutuklama-talebi-reddedildi-ogluma-30-kat-fazla-ilac-verildi\/"},"modified":"2026-06-24T16:14:00","modified_gmt":"2026-06-24T16:14:00","slug":"bakimevinde-olum-davasinda-tutuklama-talebi-reddedildi-ogluma-30-kat-fazla-ilac-verildi","status":"publish","type":"post","link":"https:\/\/www.abchukuk.com\/index.php\/2026\/06\/24\/bakimevinde-olum-davasinda-tutuklama-talebi-reddedildi-ogluma-30-kat-fazla-ilac-verildi\/","title":{"rendered":"Bak\u0131mevinde \u00f6l\u00fcm davas\u0131nda tutuklama talebi reddedildi: &#8216;O\u011fluma 30 kat fazla ila\u00e7 verildi&#8217;"},"content":{"rendered":"<p>Beylikd\u00fcz\u00fc\u2019nde \u00f6zel bir bak\u0131m merkezinde kalan epilepsi hastas\u0131 22 ya\u015f\u0131ndaki U\u011fur Y\u0131ld\u0131r\u0131m\u2019\u0131n, almas\u0131 gereken dozun yakla\u015f\u0131k 30 kat\u0131 sakinle\u015ftirici verilerek hayat\u0131n\u0131 kaybetti\u011fi iddias\u0131yla a\u00e7\u0131lan davada m\u00fc\u015fteki taraf\u0131n tutuklama talebi reddedildi. Mahkeme, san\u0131klar hakk\u0131ndaki adli kontrol tedbirlerinin devam\u0131na karar verdi.Beylikd\u00fcz\u00fc\u2019nde \u00f6zel bir bak\u0131m merkezinde kalan epilepsi hastas\u0131 22 ya\u015f\u0131ndaki U\u011fur Y\u0131ld\u0131r\u0131m\u2019\u0131n, almas\u0131 gereken dozun yakla\u015f\u0131k 30 kat\u0131 sakinle\u015ftirici verilerek hayat\u0131n\u0131 kaybetti\u011fi iddias\u0131yla a\u00e7\u0131lan davada m\u00fc\u015fteki taraf\u0131n tutuklama talebi reddedildi. Mahkeme, san\u0131klar hakk\u0131ndaki adli kontrol tedbirlerinin devam\u0131na karar verdi.\u00a0<a href=\"https:\/\/www.cumhuriyet.com.tr\/turkiye\/bakimevinde-olum-davasinda-tutuklama-talebi-reddedildi-ogluma-30-kat-fazla-ilac-verildi-2515118\" target=\"_blank\" class=\"feedzy-rss-link-icon\">Read More<\/a><\/p>","protected":false},"excerpt":{"rendered":"<p>Beylikd\u00fcz\u00fc\u2019nde \u00f6zel bir bak\u0131m merkezinde kalan epilepsi hastas\u0131 22 ya\u015f\u0131ndaki U\u011fur Y\u0131ld\u0131r\u0131m\u2019\u0131n, almas\u0131 gereken dozun yakla\u015f\u0131k 30 kat\u0131 sakinle\u015ftirici verilerek hayat\u0131n\u0131 kaybetti\u011fi iddias\u0131yla a\u00e7\u0131lan davada m\u00fc\u015fteki taraf\u0131n tutuklama talebi reddedildi. Mahkeme, san\u0131klar hakk\u0131ndaki adli kontrol tedbirlerinin devam\u0131na karar verdi.Beylikd\u00fcz\u00fc\u2019nde \u00f6zel bir bak\u0131m merkezinde kalan epilepsi hastas\u0131 22 ya\u015f\u0131ndaki U\u011fur Y\u0131ld\u0131r\u0131m\u2019\u0131n, almas\u0131 gereken dozun yakla\u015f\u0131k 30 [&hellip;]<\/p>\n","protected":false},"author":1,"featured_media":34493,"comment_status":"open","ping_status":"open","sticky":false,"template":"","format":"standard","meta":{"footnotes":"","_links_to":"","_links_to_target":""},"categories":[1],"tags":[],"class_list":["post-34492","post","type-post","status-publish","format-standard","has-post-thumbnail","hentry","category-haberler"],"_links":{"self":[{"href":"https:\/\/www.abchukuk.com\/index.php\/wp-json\/wp\/v2\/posts\/34492","targetHints":{"allow":["GET"]}}],"collection":[{"href":"https:\/\/www.abchukuk.com\/index.php\/wp-json\/wp\/v2\/posts"}],"about":[{"href":"https:\/\/www.abchukuk.com\/index.php\/wp-json\/wp\/v2\/types\/post"}],"author":[{"embeddable":true,"href":"https:\/\/www.abchukuk.com\/index.php\/wp-json\/wp\/v2\/users\/1"}],"replies":[{"embeddable":true,"href":"https:\/\/www.abchukuk.com\/index.php\/wp-json\/wp\/v2\/comments?post=34492"}],"version-history":[{"count":0,"href":"https:\/\/www.abchukuk.com\/index.php\/wp-json\/wp\/v2\/posts\/34492\/revisions"}],"wp:featuredmedia":[{"embeddable":true,"href":"https:\/\/www.abchukuk.com\/index.php\/wp-json\/wp\/v2\/media\/34493"}],"wp:attachment":[{"href":"https:\/\/www.abchukuk.com\/index.php\/wp-json\/wp\/v2\/media?parent=34492"}],"wp:term":[{"taxonomy":"category","embeddable":true,"href":"https:\/\/www.abchukuk.com\/index.php\/wp-json\/wp\/v2\/categories?post=34492"},{"taxonomy":"post_tag","embeddable":true,"href":"https:\/\/www.abchukuk.com\/index.php\/wp-json\/wp\/v2\/tags?post=34492"}],"curies":[{"name":"wp","href":"https:\/\/api.w.org\/{rel}","templated":true}]}}