{"id":34491,"date":"2026-06-24T16:56:52","date_gmt":"2026-06-24T16:56:52","guid":{"rendered":"https:\/\/www.abchukuk.com\/index.php\/2026\/06\/24\/antalyada-tesetturlu-kadina-sozlu-taciz-supheliye-ev-hapsi-cezasi\/"},"modified":"2026-06-24T16:56:52","modified_gmt":"2026-06-24T16:56:52","slug":"antalyada-tesetturlu-kadina-sozlu-taciz-supheliye-ev-hapsi-cezasi","status":"publish","type":"post","link":"https:\/\/www.abchukuk.com\/index.php\/2026\/06\/24\/antalyada-tesetturlu-kadina-sozlu-taciz-supheliye-ev-hapsi-cezasi\/","title":{"rendered":"Antalya&#8217;da tesett\u00fcrl\u00fc kad\u0131na s\u00f6zl\u00fc taciz: \u015e\u00fcpheliye ev hapsi cezas\u0131"},"content":{"rendered":"<p>Antalya&#8217;da markette tesett\u00fcrl\u00fc iki kad\u0131na y\u00f6nelik s\u00f6zl\u00fc tacizde bulundu\u011fu iddias\u0131yla g\u00f6zalt\u0131na al\u0131nan S.A., &#8216;halk\u0131 kin ve d\u00fc\u015fmanl\u0131\u011fa tahrik veya a\u015fa\u011f\u0131lama&#8217; su\u00e7lamas\u0131yla \u00e7\u0131kar\u0131ld\u0131\u011f\u0131 mahkemece ev hapsi tedbiri uygulanarak serbest b\u0131rak\u0131ld\u0131.Antalya&#8217;da markette tesett\u00fcrl\u00fc iki kad\u0131na y\u00f6nelik s\u00f6zl\u00fc tacizde bulundu\u011fu iddias\u0131yla g\u00f6zalt\u0131na al\u0131nan S.A., &#8216;halk\u0131 kin ve d\u00fc\u015fmanl\u0131\u011fa tahrik veya a\u015fa\u011f\u0131lama&#8217; su\u00e7lamas\u0131yla \u00e7\u0131kar\u0131ld\u0131\u011f\u0131 mahkemece ev hapsi tedbiri uygulanarak serbest b\u0131rak\u0131ld\u0131.\u00a0<a href=\"https:\/\/anlatilaninotesi.com.tr\/20260624\/antalyada-tesetturlu-kadina-sozlu-taciz-supheliye-ev-hapsi-cezasi-1106749923.html\" target=\"_blank\" class=\"feedzy-rss-link-icon\">Read More<\/a><\/p>","protected":false},"excerpt":{"rendered":"<p>Antalya&#8217;da markette tesett\u00fcrl\u00fc iki kad\u0131na y\u00f6nelik s\u00f6zl\u00fc tacizde bulundu\u011fu iddias\u0131yla g\u00f6zalt\u0131na al\u0131nan S.A., &#8216;halk\u0131 kin ve d\u00fc\u015fmanl\u0131\u011fa tahrik veya a\u015fa\u011f\u0131lama&#8217; su\u00e7lamas\u0131yla \u00e7\u0131kar\u0131ld\u0131\u011f\u0131 mahkemece ev hapsi tedbiri uygulanarak serbest b\u0131rak\u0131ld\u0131.Antalya&#8217;da markette tesett\u00fcrl\u00fc iki kad\u0131na y\u00f6nelik s\u00f6zl\u00fc tacizde bulundu\u011fu iddias\u0131yla g\u00f6zalt\u0131na al\u0131nan S.A., &#8216;halk\u0131 kin ve d\u00fc\u015fmanl\u0131\u011fa tahrik veya a\u015fa\u011f\u0131lama&#8217; su\u00e7lamas\u0131yla \u00e7\u0131kar\u0131ld\u0131\u011f\u0131 mahkemece ev hapsi tedbiri uygulanarak [&hellip;]<\/p>\n","protected":false},"author":1,"featured_media":0,"comment_status":"open","ping_status":"open","sticky":false,"template":"","format":"standard","meta":{"footnotes":"","_links_to":"","_links_to_target":""},"categories":[1],"tags":[],"class_list":["post-34491","post","type-post","status-publish","format-standard","hentry","category-haberler"],"_links":{"self":[{"href":"https:\/\/www.abchukuk.com\/index.php\/wp-json\/wp\/v2\/posts\/34491","targetHints":{"allow":["GET"]}}],"collection":[{"href":"https:\/\/www.abchukuk.com\/index.php\/wp-json\/wp\/v2\/posts"}],"about":[{"href":"https:\/\/www.abchukuk.com\/index.php\/wp-json\/wp\/v2\/types\/post"}],"author":[{"embeddable":true,"href":"https:\/\/www.abchukuk.com\/index.php\/wp-json\/wp\/v2\/users\/1"}],"replies":[{"embeddable":true,"href":"https:\/\/www.abchukuk.com\/index.php\/wp-json\/wp\/v2\/comments?post=34491"}],"version-history":[{"count":0,"href":"https:\/\/www.abchukuk.com\/index.php\/wp-json\/wp\/v2\/posts\/34491\/revisions"}],"wp:attachment":[{"href":"https:\/\/www.abchukuk.com\/index.php\/wp-json\/wp\/v2\/media?parent=34491"}],"wp:term":[{"taxonomy":"category","embeddable":true,"href":"https:\/\/www.abchukuk.com\/index.php\/wp-json\/wp\/v2\/categories?post=34491"},{"taxonomy":"post_tag","embeddable":true,"href":"https:\/\/www.abchukuk.com\/index.php\/wp-json\/wp\/v2\/tags?post=34491"}],"curies":[{"name":"wp","href":"https:\/\/api.w.org\/{rel}","templated":true}]}}