{"id":34483,"date":"2026-06-24T15:43:00","date_gmt":"2026-06-24T15:43:00","guid":{"rendered":"https:\/\/www.abchukuk.com\/index.php\/2026\/06\/24\/cinsel-saldiri-sanigi-eski-ogretim-gorevlisine-125-yil-hapis-cezasi\/"},"modified":"2026-06-24T15:43:00","modified_gmt":"2026-06-24T15:43:00","slug":"cinsel-saldiri-sanigi-eski-ogretim-gorevlisine-125-yil-hapis-cezasi","status":"publish","type":"post","link":"https:\/\/www.abchukuk.com\/index.php\/2026\/06\/24\/cinsel-saldiri-sanigi-eski-ogretim-gorevlisine-125-yil-hapis-cezasi\/","title":{"rendered":"Cinsel sald\u0131r\u0131 san\u0131\u011f\u0131 eski \u00f6\u011fretim g\u00f6revlisine 12,5 y\u0131l hapis cezas\u0131!"},"content":{"rendered":"<p>\u0130zmir B\u00f6lge Adliye Mahkemesi, eski Mu\u011fla S\u0131tk\u0131 Ko\u00e7man \u00dcniversitesi \u00f6\u011fretim g\u00f6revlisi \u015eahin G\u00fcm\u00fc\u015f&#8217;\u00fcn \u00f6\u011frencisine y\u00f6nelik &#8220;cinsel sald\u0131r\u0131&#8221; su\u00e7undan 12 y\u0131l 6 ay hapis cezas\u0131na \u00e7arpt\u0131r\u0131lmas\u0131na ve tutuklanmas\u0131na h\u00fckmetti.\u0130zmir B\u00f6lge Adliye Mahkemesi, eski Mu\u011fla S\u0131tk\u0131 Ko\u00e7man \u00dcniversitesi \u00f6\u011fretim g\u00f6revlisi \u015eahin G\u00fcm\u00fc\u015f&#8217;\u00fcn \u00f6\u011frencisine y\u00f6nelik &#8220;cinsel sald\u0131r\u0131&#8221; su\u00e7undan 12 y\u0131l 6 ay hapis cezas\u0131na \u00e7arpt\u0131r\u0131lmas\u0131na ve tutuklanmas\u0131na h\u00fckmetti.\u00a0<a href=\"https:\/\/www.cumhuriyet.com.tr\/turkiye\/cinsel-saldiri-sanigi-eski-ogretim-gorevlisine-12-5-yil-hapis-cezasi-2515112\" target=\"_blank\" class=\"feedzy-rss-link-icon\">Read More<\/a><\/p>","protected":false},"excerpt":{"rendered":"<p>\u0130zmir B\u00f6lge Adliye Mahkemesi, eski Mu\u011fla S\u0131tk\u0131 Ko\u00e7man \u00dcniversitesi \u00f6\u011fretim g\u00f6revlisi \u015eahin G\u00fcm\u00fc\u015f&#8217;\u00fcn \u00f6\u011frencisine y\u00f6nelik &#8220;cinsel sald\u0131r\u0131&#8221; su\u00e7undan 12 y\u0131l 6 ay hapis cezas\u0131na \u00e7arpt\u0131r\u0131lmas\u0131na ve tutuklanmas\u0131na h\u00fckmetti.\u0130zmir B\u00f6lge Adliye Mahkemesi, eski Mu\u011fla S\u0131tk\u0131 Ko\u00e7man \u00dcniversitesi \u00f6\u011fretim g\u00f6revlisi \u015eahin G\u00fcm\u00fc\u015f&#8217;\u00fcn \u00f6\u011frencisine y\u00f6nelik &#8220;cinsel sald\u0131r\u0131&#8221; su\u00e7undan 12 y\u0131l 6 ay hapis cezas\u0131na \u00e7arpt\u0131r\u0131lmas\u0131na ve tutuklanmas\u0131na h\u00fckmetti.\u00a0Read [&hellip;]<\/p>\n","protected":false},"author":1,"featured_media":34484,"comment_status":"open","ping_status":"open","sticky":false,"template":"","format":"standard","meta":{"footnotes":"","_links_to":"","_links_to_target":""},"categories":[1],"tags":[],"class_list":["post-34483","post","type-post","status-publish","format-standard","has-post-thumbnail","hentry","category-haberler"],"_links":{"self":[{"href":"https:\/\/www.abchukuk.com\/index.php\/wp-json\/wp\/v2\/posts\/34483","targetHints":{"allow":["GET"]}}],"collection":[{"href":"https:\/\/www.abchukuk.com\/index.php\/wp-json\/wp\/v2\/posts"}],"about":[{"href":"https:\/\/www.abchukuk.com\/index.php\/wp-json\/wp\/v2\/types\/post"}],"author":[{"embeddable":true,"href":"https:\/\/www.abchukuk.com\/index.php\/wp-json\/wp\/v2\/users\/1"}],"replies":[{"embeddable":true,"href":"https:\/\/www.abchukuk.com\/index.php\/wp-json\/wp\/v2\/comments?post=34483"}],"version-history":[{"count":0,"href":"https:\/\/www.abchukuk.com\/index.php\/wp-json\/wp\/v2\/posts\/34483\/revisions"}],"wp:featuredmedia":[{"embeddable":true,"href":"https:\/\/www.abchukuk.com\/index.php\/wp-json\/wp\/v2\/media\/34484"}],"wp:attachment":[{"href":"https:\/\/www.abchukuk.com\/index.php\/wp-json\/wp\/v2\/media?parent=34483"}],"wp:term":[{"taxonomy":"category","embeddable":true,"href":"https:\/\/www.abchukuk.com\/index.php\/wp-json\/wp\/v2\/categories?post=34483"},{"taxonomy":"post_tag","embeddable":true,"href":"https:\/\/www.abchukuk.com\/index.php\/wp-json\/wp\/v2\/tags?post=34483"}],"curies":[{"name":"wp","href":"https:\/\/api.w.org\/{rel}","templated":true}]}}