{"id":34454,"date":"2026-06-24T11:30:54","date_gmt":"2026-06-24T11:30:54","guid":{"rendered":"https:\/\/www.abchukuk.com\/index.php\/2026\/06\/24\/vali-makastan-bassavci-yasin-emreye-veda-biz-raziydik-rabbim-de-razi-olsun\/"},"modified":"2026-06-24T11:30:54","modified_gmt":"2026-06-24T11:30:54","slug":"vali-makastan-bassavci-yasin-emreye-veda-biz-raziydik-rabbim-de-razi-olsun","status":"publish","type":"post","link":"https:\/\/www.abchukuk.com\/index.php\/2026\/06\/24\/vali-makastan-bassavci-yasin-emreye-veda-biz-raziydik-rabbim-de-razi-olsun\/","title":{"rendered":"Vali Makas\u2019tan Ba\u015fsavc\u0131 Yasin Emre\u2019ye veda: \u201cBiz raz\u0131yd\u0131k, Rabbim de raz\u0131 olsun\u201d"},"content":{"rendered":"<div class=\"\" data-turn-id-container=\"request-WEB:d86a7813-60a9-42ce-b622-0ea48da607a2-1\" data-is-intersecting=\"true\">\n<section class=\"text-token-text-primary w-full focus:outline-none has-data-writing-block:pointer-events-none [&amp;:has([data-writing-block])&gt;*]:pointer-events-auto R6Vx5W_threadScrollVars scroll-mb-[calc(var(--scroll-root-safe-area-inset-bottom,0px)+var(--thread-response-height))] scroll-mt-[calc(var(--header-height)+min(200px,max(70px,20svh)))]\" dir=\"auto\" data-turn-id=\"request-WEB:d86a7813-60a9-42ce-b622-0ea48da607a2-1\" data-turn-id-container=\"request-WEB:d86a7813-60a9-42ce-b622-0ea48da607a2-1\" data-testid=\"conversation-turn-4\" data-turn=\"assistant\">\n<div class=\"text-base my-auto mx-auto pb-10 [--thread-content-margin:var(--thread-content-margin-xs,calc(var(--spacing)*4))] @w-sm\/main:[--thread-content-margin:var(--thread-content-margin-sm,calc(var(--spacing)*6))] @w-lg\/main:[--thread-content-margin:var(--thread-content-margin-lg,calc(var(--spacing)*16))] px-(--thread-content-margin)\">\n<div class=\"[--thread-content-max-width:40rem] @w-lg\/main:[--thread-content-max-width:48rem] mx-auto max-w-(--thread-content-max-width) flex-1 group\/turn-messages focus-visible:outline-hidden relative flex w-full min-w-0 flex-col agent-turn\" data-conversation-screenshot-content=\"\">\n<div class=\"flex max-w-full flex-col gap-4 grow\">\n<div class=\"min-h-8 text-message relative flex w-full flex-col items-end gap-2 text-start break-words whitespace-normal outline-none keyboard-focused:focus-ring [.text-message+&amp;]:mt-1\" dir=\"auto\" data-message-author-role=\"assistant\" data-message-id=\"ccced029-1fc7-4b4a-ba94-d31985b62456\" data-turn-start-message=\"true\" data-message-model-slug=\"gpt-5-5\">\n<div class=\"flex w-full flex-col gap-1 empty:hidden\">\n<div class=\"markdown prose dark:prose-invert wrap-break-word w-full light markdown-new-styling\">\n<p data-start=\"382\" data-end=\"398\"><strong data-start=\"382\" data-end=\"398\">SON.TV\/D\u00dcZCE<\/strong><\/p>\n<p data-start=\"400\" data-end=\"731\"><strong>Hakimler ve Savc\u0131lar Kurulu (HSK)<\/strong> Birinci Dairesi taraf\u0131ndan yay\u0131mlanan<strong> 2026 y\u0131l\u0131 Adli Yarg\u0131 Kararnamesi<\/strong> kapsam\u0131nda <strong>D\u00fczce Cumhuriyet Ba\u015fsavc\u0131l\u0131\u011f\u0131<\/strong> g\u00f6revinden<strong> Mersin<\/strong> <strong>Cumhuriyet Ba\u015fsavc\u0131l\u0131\u011f\u0131<\/strong> g\u00f6revine atanan<strong> Yasin Emre,<\/strong> kentten ayr\u0131lmadan \u00f6nce <strong>D\u00fczce Valisi Mehmet Maka<\/strong>s\u2019a veda ziyaretinde bulundu.<\/p>\n<p data-start=\"733\" data-end=\"978\">Valilik makam\u0131nda ger\u00e7ekle\u015fen g\u00f6r\u00fc\u015fmede, <strong>D\u00fczce<\/strong>\u2019de y\u00fcr\u00fct\u00fclen \u00e7al\u0131\u015fmalar, kamu kurumlar\u0131 aras\u0131ndaki koordinasyon ve yarg\u0131-idare i\u015f birli\u011fi de\u011ferlendirildi. <strong>Ba\u015fsavc\u0131 Emre\u2019<\/strong>nin g\u00f6rev s\u00fcresi boyunca hayata ge\u00e7irilen \u00e7al\u0131\u015fmalar da g\u00f6r\u00fc\u015fmede ele al\u0131nd\u0131.<\/p>\n<p data-start=\"980\" data-end=\"1013\"><strong data-start=\"980\" data-end=\"1013\">VAL\u0130 MAKAS\u2019TAN DUYGUSAL MESAJ<\/strong><\/p>\n<p data-start=\"1015\" data-end=\"1156\">Ziyaretin ard\u0131ndan sosyal medya hesab\u0131ndan payla\u015f\u0131m yapan <strong>D\u00fczce Valisi Mehmet Makas,Ba\u015fsavc\u0131 Yasin Emre<\/strong>\u00a0i\u00e7in dikkat \u00e7eken ifadeler kulland\u0131.<\/p>\n<p data-start=\"1158\" data-end=\"1481\">Makas payla\u015f\u0131m\u0131nda, <strong>\u201cBeraber \u00e7al\u0131\u015fmaktan onur duydu\u011fum, yol ve mesai arkada\u015f\u0131m\u0131z, \u00e7ok k\u0131ymetli Say\u0131n Ba\u015fsavc\u0131m\u0131z Yasin Emre karde\u015fimi veda ziyaretleri dolay\u0131s\u0131yla Valili\u011fimizde a\u011f\u0131rlad\u0131k. Biz raz\u0131yd\u0131k, Rabbim de raz\u0131 olsun. Yolu izi a\u00e7\u0131k, ba\u015far\u0131lar\u0131 daim olsun.\u201d<\/strong> ifadelerine yer verdi.<\/p>\n<p data-start=\"1483\" data-end=\"1507\"><strong data-start=\"1483\" data-end=\"1507\">MERS\u0130N\u2019DE YEN\u0130 D\u00d6NEM<\/strong><\/p>\n<p data-start=\"1509\" data-end=\"1706\"><strong>HSK Yaz Kararnamesi<\/strong> ile <strong>Mersin Cumhuriyet Ba\u015fsavc\u0131l\u0131\u011f\u0131<\/strong> g\u00f6revine getirilen <strong>Yasin Emre<\/strong>\u2019nin \u00f6n\u00fcm\u00fczdeki g\u00fcnlerde yeni g\u00f6revine ba\u015flayarak <strong>Mersin<\/strong> adli te\u015fkilat\u0131ndaki \u00e7al\u0131\u015fmalar\u0131n\u0131 s\u00fcrd\u00fcrece\u011fi \u00f6\u011frenildi.<\/p>\n<p data-start=\"1708\" data-end=\"1903\">Ziyaret, <strong>Vali Mehmet Makas\u2019<\/strong>\u0131n <strong>Ba\u015fsavc\u0131 Yasin Emre<\/strong>\u2019ye <strong>D\u00fczce<\/strong>\u2019deki hizmetleri an\u0131s\u0131na hediye takdim etmesi ve ba\u015far\u0131 dileklerini iletmesinin ard\u0131ndan sona erdi.<\/p>\n<p data-start=\"1905\" data-end=\"1918\"><strong data-start=\"1905\" data-end=\"1918\">ET\u0130KETLER:#YasinEmre #MehmetMakas #MersinCumhuriyetBa\u015fsavc\u0131l\u0131\u011f\u0131 #D\u00fczce #HSK #YazKararnamesi #Yarg\u0131 #SonTv<\/strong><\/p>\n<\/div>\n<\/div>\n<\/div>\n<\/div>\n<\/div>\n<\/div>\n<\/section>\n<\/div>\n<p>HSK\u2019n\u0131n 2026 Yaz Kararnamesi ile Mersin Cumhuriyet Ba\u015fsavc\u0131l\u0131\u011f\u0131 g\u00f6revine atanan Yasin Emre, D\u00fczce\u2019den ayr\u0131lmadan \u00f6nce Vali Mehmet Makas\u2019a veda ziyaretinde bulundu. Ziyarette duygu dolu mesajlar verilirken, Vali Makas\u2019\u0131n payla\u015f\u0131m\u0131 dikkat \u00e7ekti.\u00a0<a href=\"https:\/\/www.son.tv\/vali-makastan-bassavci-yasin-emreye-veda-biz-raziydik-rabbim-de-razi-olsun\/\" target=\"_blank\" class=\"feedzy-rss-link-icon\">Read More<\/a><\/p>","protected":false},"excerpt":{"rendered":"<p>SON.TV\/D\u00dcZCE Hakimler ve Savc\u0131lar Kurulu (HSK) Birinci Dairesi taraf\u0131ndan yay\u0131mlanan 2026 y\u0131l\u0131 Adli Yarg\u0131 Kararnamesi kapsam\u0131nda D\u00fczce Cumhuriyet Ba\u015fsavc\u0131l\u0131\u011f\u0131 g\u00f6revinden Mersin Cumhuriyet Ba\u015fsavc\u0131l\u0131\u011f\u0131 g\u00f6revine atanan Yasin Emre, kentten ayr\u0131lmadan \u00f6nce D\u00fczce Valisi Mehmet Makas\u2019a veda ziyaretinde bulundu. Valilik makam\u0131nda ger\u00e7ekle\u015fen g\u00f6r\u00fc\u015fmede, D\u00fczce\u2019de y\u00fcr\u00fct\u00fclen \u00e7al\u0131\u015fmalar, kamu kurumlar\u0131 aras\u0131ndaki koordinasyon ve yarg\u0131-idare i\u015f birli\u011fi de\u011ferlendirildi. Ba\u015fsavc\u0131 Emre\u2019nin [&hellip;]<\/p>\n","protected":false},"author":1,"featured_media":0,"comment_status":"open","ping_status":"open","sticky":false,"template":"","format":"standard","meta":{"footnotes":"","_links_to":"","_links_to_target":""},"categories":[1],"tags":[],"class_list":["post-34454","post","type-post","status-publish","format-standard","hentry","category-haberler"],"_links":{"self":[{"href":"https:\/\/www.abchukuk.com\/index.php\/wp-json\/wp\/v2\/posts\/34454","targetHints":{"allow":["GET"]}}],"collection":[{"href":"https:\/\/www.abchukuk.com\/index.php\/wp-json\/wp\/v2\/posts"}],"about":[{"href":"https:\/\/www.abchukuk.com\/index.php\/wp-json\/wp\/v2\/types\/post"}],"author":[{"embeddable":true,"href":"https:\/\/www.abchukuk.com\/index.php\/wp-json\/wp\/v2\/users\/1"}],"replies":[{"embeddable":true,"href":"https:\/\/www.abchukuk.com\/index.php\/wp-json\/wp\/v2\/comments?post=34454"}],"version-history":[{"count":0,"href":"https:\/\/www.abchukuk.com\/index.php\/wp-json\/wp\/v2\/posts\/34454\/revisions"}],"wp:attachment":[{"href":"https:\/\/www.abchukuk.com\/index.php\/wp-json\/wp\/v2\/media?parent=34454"}],"wp:term":[{"taxonomy":"category","embeddable":true,"href":"https:\/\/www.abchukuk.com\/index.php\/wp-json\/wp\/v2\/categories?post=34454"},{"taxonomy":"post_tag","embeddable":true,"href":"https:\/\/www.abchukuk.com\/index.php\/wp-json\/wp\/v2\/tags?post=34454"}],"curies":[{"name":"wp","href":"https:\/\/api.w.org\/{rel}","templated":true}]}}