{"id":34453,"date":"2026-06-24T11:51:14","date_gmt":"2026-06-24T11:51:14","guid":{"rendered":"https:\/\/www.abchukuk.com\/index.php\/2026\/06\/24\/bmden-carpici-gazze-raporu-askeri-gozalti-merkezlerinde-cocuklara-i%cc%87skence\/"},"modified":"2026-06-24T11:51:14","modified_gmt":"2026-06-24T11:51:14","slug":"bmden-carpici-gazze-raporu-askeri-gozalti-merkezlerinde-cocuklara-i%cc%87skence","status":"publish","type":"post","link":"https:\/\/www.abchukuk.com\/index.php\/2026\/06\/24\/bmden-carpici-gazze-raporu-askeri-gozalti-merkezlerinde-cocuklara-i%cc%87skence\/","title":{"rendered":"BM&#8217;den \u00e7arp\u0131c\u0131 Gazze raporu: Askeri g\u00f6zalt\u0131 merkezlerinde \u00e7ocuklara i\u0307\u015fkence"},"content":{"rendered":"<p>BM Ba\u011f\u0131ms\u0131z Uluslararas\u0131 Soru\u015fturma Komisyonu, \u0130srail\u2019in 7 Ekim 2023&#8217;ten bu yana Gazze ve i\u015fgal alt\u0131ndaki Filistin topraklar\u0131nda \u00e7ocuklar\u0131 kas\u0131tl\u0131 olarak hedef ald\u0131\u011f\u0131n\u0131 bildirdi. Gazze&#8217;de 20 binden fazla \u00e7ocu\u011fun \u00f6ld\u00fc\u011f\u00fc belirtilen raporda, \u0130srail&#8217;in askeri stratejisiyle Filistinlilerin &#8220;biyolojik s\u00fcreklili\u011fini yok etmeyi&#8221; ama\u00e7lad\u0131\u011f\u0131 savunuldu.BM Ba\u011f\u0131ms\u0131z Uluslararas\u0131 Soru\u015fturma Komisyonu, \u0130srail\u2019in 7 Ekim 2023&#8217;ten bu yana Gazze ve i\u015fgal alt\u0131ndaki Filistin topraklar\u0131nda \u00e7ocuklar\u0131 kas\u0131tl\u0131 olarak hedef ald\u0131\u011f\u0131n\u0131 bildirdi. Gazze&#8217;de 20 binden fazla \u00e7ocu\u011fun \u00f6ld\u00fc\u011f\u00fc belirtilen raporda, \u0130srail&#8217;in askeri stratejisiyle Filistinlilerin &#8220;biyolojik s\u00fcreklili\u011fini yok etmeyi&#8221; ama\u00e7lad\u0131\u011f\u0131 savunuldu.\u00a0<a href=\"https:\/\/anlatilaninotesi.com.tr\/20260624\/bmden-carpici-gazze-raporu-askeri-gozalti-merkezlerinde-cocuklara-iskence-1106744697.html\" target=\"_blank\" class=\"feedzy-rss-link-icon\">Read More<\/a><\/p>","protected":false},"excerpt":{"rendered":"<p>BM Ba\u011f\u0131ms\u0131z Uluslararas\u0131 Soru\u015fturma Komisyonu, \u0130srail\u2019in 7 Ekim 2023&#8217;ten bu yana Gazze ve i\u015fgal alt\u0131ndaki Filistin topraklar\u0131nda \u00e7ocuklar\u0131 kas\u0131tl\u0131 olarak hedef ald\u0131\u011f\u0131n\u0131 bildirdi. Gazze&#8217;de 20 binden fazla \u00e7ocu\u011fun \u00f6ld\u00fc\u011f\u00fc belirtilen raporda, \u0130srail&#8217;in askeri stratejisiyle Filistinlilerin &#8220;biyolojik s\u00fcreklili\u011fini yok etmeyi&#8221; ama\u00e7lad\u0131\u011f\u0131 savunuldu.BM Ba\u011f\u0131ms\u0131z Uluslararas\u0131 Soru\u015fturma Komisyonu, \u0130srail\u2019in 7 Ekim 2023&#8217;ten bu yana Gazze ve i\u015fgal alt\u0131ndaki [&hellip;]<\/p>\n","protected":false},"author":1,"featured_media":0,"comment_status":"open","ping_status":"open","sticky":false,"template":"","format":"standard","meta":{"footnotes":"","_links_to":"","_links_to_target":""},"categories":[1],"tags":[],"class_list":["post-34453","post","type-post","status-publish","format-standard","hentry","category-haberler"],"_links":{"self":[{"href":"https:\/\/www.abchukuk.com\/index.php\/wp-json\/wp\/v2\/posts\/34453","targetHints":{"allow":["GET"]}}],"collection":[{"href":"https:\/\/www.abchukuk.com\/index.php\/wp-json\/wp\/v2\/posts"}],"about":[{"href":"https:\/\/www.abchukuk.com\/index.php\/wp-json\/wp\/v2\/types\/post"}],"author":[{"embeddable":true,"href":"https:\/\/www.abchukuk.com\/index.php\/wp-json\/wp\/v2\/users\/1"}],"replies":[{"embeddable":true,"href":"https:\/\/www.abchukuk.com\/index.php\/wp-json\/wp\/v2\/comments?post=34453"}],"version-history":[{"count":0,"href":"https:\/\/www.abchukuk.com\/index.php\/wp-json\/wp\/v2\/posts\/34453\/revisions"}],"wp:attachment":[{"href":"https:\/\/www.abchukuk.com\/index.php\/wp-json\/wp\/v2\/media?parent=34453"}],"wp:term":[{"taxonomy":"category","embeddable":true,"href":"https:\/\/www.abchukuk.com\/index.php\/wp-json\/wp\/v2\/categories?post=34453"},{"taxonomy":"post_tag","embeddable":true,"href":"https:\/\/www.abchukuk.com\/index.php\/wp-json\/wp\/v2\/tags?post=34453"}],"curies":[{"name":"wp","href":"https:\/\/api.w.org\/{rel}","templated":true}]}}