{"id":3441,"date":"2025-09-05T10:50:00","date_gmt":"2025-09-05T10:50:00","guid":{"rendered":"http:\/\/www.lopsssdoner.com\/index.php\/2025\/09\/05\/israil-sozunu-hala-tutmadi-katledilen-aysenur-ezgi-eygi-icin-adalet-ne-zaman-saglanacak\/"},"modified":"2025-09-05T10:50:00","modified_gmt":"2025-09-05T10:50:00","slug":"israil-sozunu-hala-tutmadi-katledilen-aysenur-ezgi-eygi-icin-adalet-ne-zaman-saglanacak","status":"publish","type":"post","link":"https:\/\/www.abchukuk.com\/index.php\/2025\/09\/05\/israil-sozunu-hala-tutmadi-katledilen-aysenur-ezgi-eygi-icin-adalet-ne-zaman-saglanacak\/","title":{"rendered":"\u0130srail S\u00f6z\u00fcn\u00fc Hala Tutmad\u0131! Katledilen Ay\u015fenur Ezgi Eygi \u0130\u00e7in Adalet Ne Zaman Sa\u011flanacak?"},"content":{"rendered":"<p><a href=\"https:\/\/www.gercekgundem.com\/guncel\/israil-sozunu-hala-tutmadi-katledilen-aysenur-ezgi-eygi-icin-adalet-ne-zaman-saglanacak-554078\"><br \/>\n                                                            <img decoding=\"async\" src=\"https:\/\/i.gercekgundem.com\/2\/150\/84\/storage\/files\/images\/2025\/09\/05\/israil-sozunu-hala-tutmadi-katledilen-aysenur-ezgi-eygi-icin-adalet-ne-zaman-saglanacak-1ivy.png\" width=\"150\" height=\"84\" border=\"0\" align=\"right\" \/><br \/>\n                                                    <\/a><\/p>\n<h4>Ge\u00e7en y\u0131l \u0130srail askerleri taraf\u0131ndan \u00f6ld\u00fcr\u00fclen T\u00fcrk aktivist Ay\u015fenur Ezgi Eygi\u2019nin \u00f6ld\u00fcr\u00fclmesine ili\u015fkin Birle\u015fmi\u015f Milletler S\u00f6zc\u00fcs\u00fc dikkat \u00e7eken bir a\u00e7\u0131klama yapt\u0131. Eygi\u2019nin \u00f6l\u00fcm\u00fcn\u00fcn \u0130srail h\u00fck\u00fcmetinin soru\u015fturma ba\u015flatt\u0131\u011f\u0131 nadir \u00f6l\u00fcmlerden biri oldu\u011funu vurgulayan Ravina Shamdasani, hala bir sonuca ula\u015f\u0131lamad\u0131\u011f\u0131n\u0131 vurgulad\u0131.<\/h4>\n<p>Ge\u00e7en y\u0131l \u0130srail askerleri taraf\u0131ndan \u00f6ld\u00fcr\u00fclen T\u00fcrk aktivist Ay\u015fenur Ezgi Eygi\u2019nin \u00f6ld\u00fcr\u00fclmesine ili\u015fkin Birle\u015fmi\u015f Milletler S\u00f6zc\u00fcs\u00fc dikkat \u00e7eken bir a\u00e7\u0131klama yapt\u0131. Eygi\u2019nin \u00f6l\u00fcm\u00fcn\u00fcn \u0130srail h\u00fck\u00fcmetinin soru\u015fturma ba\u015flatt\u0131\u011f\u0131 nadir \u00f6l\u00fcmlerden biri oldu\u011funu vurgulayan Ravina Shamdasani, hala bir sonuca ula\u015f\u0131lamad\u0131\u011f\u0131n\u0131 vurgulad\u0131.\u00a0<a href=\"https:\/\/www.gercekgundem.com\/guncel\/israil-sozunu-hala-tutmadi-katledilen-aysenur-ezgi-eygi-icin-adalet-ne-zaman-saglanacak-554078\" target=\"_blank\" class=\"feedzy-rss-link-icon\">Read More<\/a><\/p>","protected":false},"excerpt":{"rendered":"<p>Ge\u00e7en y\u0131l \u0130srail askerleri taraf\u0131ndan \u00f6ld\u00fcr\u00fclen T\u00fcrk aktivist Ay\u015fenur Ezgi Eygi\u2019nin \u00f6ld\u00fcr\u00fclmesine ili\u015fkin Birle\u015fmi\u015f Milletler S\u00f6zc\u00fcs\u00fc dikkat \u00e7eken bir a\u00e7\u0131klama yapt\u0131. Eygi\u2019nin \u00f6l\u00fcm\u00fcn\u00fcn \u0130srail h\u00fck\u00fcmetinin soru\u015fturma ba\u015flatt\u0131\u011f\u0131 nadir \u00f6l\u00fcmlerden biri oldu\u011funu vurgulayan Ravina Shamdasani, hala bir sonuca ula\u015f\u0131lamad\u0131\u011f\u0131n\u0131 vurgulad\u0131. Ge\u00e7en y\u0131l \u0130srail askerleri taraf\u0131ndan \u00f6ld\u00fcr\u00fclen T\u00fcrk aktivist Ay\u015fenur Ezgi Eygi\u2019nin \u00f6ld\u00fcr\u00fclmesine ili\u015fkin Birle\u015fmi\u015f Milletler S\u00f6zc\u00fcs\u00fc [&hellip;]<\/p>\n","protected":false},"author":1,"featured_media":3442,"comment_status":"open","ping_status":"open","sticky":false,"template":"","format":"standard","meta":{"footnotes":"","_links_to":"","_links_to_target":""},"categories":[1],"tags":[],"class_list":["post-3441","post","type-post","status-publish","format-standard","has-post-thumbnail","hentry","category-haberler"],"_links":{"self":[{"href":"https:\/\/www.abchukuk.com\/index.php\/wp-json\/wp\/v2\/posts\/3441","targetHints":{"allow":["GET"]}}],"collection":[{"href":"https:\/\/www.abchukuk.com\/index.php\/wp-json\/wp\/v2\/posts"}],"about":[{"href":"https:\/\/www.abchukuk.com\/index.php\/wp-json\/wp\/v2\/types\/post"}],"author":[{"embeddable":true,"href":"https:\/\/www.abchukuk.com\/index.php\/wp-json\/wp\/v2\/users\/1"}],"replies":[{"embeddable":true,"href":"https:\/\/www.abchukuk.com\/index.php\/wp-json\/wp\/v2\/comments?post=3441"}],"version-history":[{"count":0,"href":"https:\/\/www.abchukuk.com\/index.php\/wp-json\/wp\/v2\/posts\/3441\/revisions"}],"wp:featuredmedia":[{"embeddable":true,"href":"https:\/\/www.abchukuk.com\/index.php\/wp-json\/wp\/v2\/media\/3442"}],"wp:attachment":[{"href":"https:\/\/www.abchukuk.com\/index.php\/wp-json\/wp\/v2\/media?parent=3441"}],"wp:term":[{"taxonomy":"category","embeddable":true,"href":"https:\/\/www.abchukuk.com\/index.php\/wp-json\/wp\/v2\/categories?post=3441"},{"taxonomy":"post_tag","embeddable":true,"href":"https:\/\/www.abchukuk.com\/index.php\/wp-json\/wp\/v2\/tags?post=3441"}],"curies":[{"name":"wp","href":"https:\/\/api.w.org\/{rel}","templated":true}]}}