{"id":3439,"date":"2025-09-05T11:16:00","date_gmt":"2025-09-05T11:16:00","guid":{"rendered":"http:\/\/www.lopsssdoner.com\/index.php\/2025\/09\/05\/hilal-ozdemir-cinayetini-protesto-eden-bogazici-universitesi-ogrencilerine-ev-baskini-tipliler-ve-genclerden-adliye-onunde-aciklama\/"},"modified":"2025-09-05T11:16:00","modified_gmt":"2025-09-05T11:16:00","slug":"hilal-ozdemir-cinayetini-protesto-eden-bogazici-universitesi-ogrencilerine-ev-baskini-tipliler-ve-genclerden-adliye-onunde-aciklama","status":"publish","type":"post","link":"https:\/\/www.abchukuk.com\/index.php\/2025\/09\/05\/hilal-ozdemir-cinayetini-protesto-eden-bogazici-universitesi-ogrencilerine-ev-baskini-tipliler-ve-genclerden-adliye-onunde-aciklama\/","title":{"rendered":"&#8216;Hilal \u00d6zdemir&#8217; cinayetini protesto eden Bo\u011fazi\u00e7i \u00dcniversitesi \u00f6\u011frencilerine ev bask\u0131n\u0131: T\u0130P&#8217;liler ve gen\u00e7lerden adliye \u00f6n\u00fcnde a\u00e7\u0131klama"},"content":{"rendered":"<p>Bo\u011fazi\u00e7i \u00dcniversitesi&#8217;nde 30 A\u011fustos g\u00fcn\u00fc \u00f6ld\u00fcr\u00fclen 15 ya\u015f\u0131ndaki Hilal \u00d6zdemir&#8217;i anarak cinayeti protesto eden 4 \u00f6\u011frenci gece ev bask\u0131nlar\u0131yla g\u00f6zalt\u0131na al\u0131nd\u0131. Savc\u0131l\u0131k ifadeleri devam eden arkada\u015flar\u0131na destek olmak isteyen gen\u00e7ler ve T\u0130P\u2019liler, adliye \u00f6n\u00fcnde bas\u0131n a\u00e7\u0131klamas\u0131 yapt\u0131. A\u00e7\u0131klamaya kat\u0131lan T\u0130P S\u00f6zc\u00fcs\u00fc Sera Kad\u0131gil, \u201cBu \u00fclkede katledilen b\u00fct\u00fcn kad\u0131nlar\u0131n katili saray rejimidir. Kad\u0131n katilleri i\u00e7in yap\u0131lan bir eylemde, \u2018siz neden siyasi slogan at\u0131yorsunuz?\u2019 diye soramazs\u0131n\u0131z\u201d dedi.Bo\u011fazi\u00e7i \u00dcniversitesi&#8217;nde 30 A\u011fustos g\u00fcn\u00fc \u00f6ld\u00fcr\u00fclen 15 ya\u015f\u0131ndaki Hilal \u00d6zdemir&#8217;i anarak cinayeti protesto eden 4 \u00f6\u011frenci gece ev bask\u0131nlar\u0131yla g\u00f6zalt\u0131na al\u0131nd\u0131. Savc\u0131l\u0131k ifadeleri devam eden arkada\u015flar\u0131na destek olmak isteyen gen\u00e7ler ve T\u0130P\u2019liler, adliye \u00f6n\u00fcnde bas\u0131n a\u00e7\u0131klamas\u0131 yapt\u0131. A\u00e7\u0131klamaya kat\u0131lan T\u0130P S\u00f6zc\u00fcs\u00fc Sera Kad\u0131gil, \u201cBu \u00fclkede katledilen b\u00fct\u00fcn kad\u0131nlar\u0131n katili saray rejimidir. Kad\u0131n katilleri i\u00e7in yap\u0131lan bir eylemde, \u2018siz neden siyasi slogan at\u0131yorsunuz?\u2019 diye soramazs\u0131n\u0131z\u201d dedi.\u00a0<a href=\"https:\/\/www.cumhuriyet.com.tr\/siyaset\/hilal-ozdemir-cinayetini-protesto-eden-bogazici-universitesi-ogrencilerine-ev-baskini-tip-liler-ve-genclerden-adliye-onunde-aciklama-2432516\" target=\"_blank\" class=\"feedzy-rss-link-icon\">Read More<\/a><\/p>","protected":false},"excerpt":{"rendered":"<p>Bo\u011fazi\u00e7i \u00dcniversitesi&#8217;nde 30 A\u011fustos g\u00fcn\u00fc \u00f6ld\u00fcr\u00fclen 15 ya\u015f\u0131ndaki Hilal \u00d6zdemir&#8217;i anarak cinayeti protesto eden 4 \u00f6\u011frenci gece ev bask\u0131nlar\u0131yla g\u00f6zalt\u0131na al\u0131nd\u0131. Savc\u0131l\u0131k ifadeleri devam eden arkada\u015flar\u0131na destek olmak isteyen gen\u00e7ler ve T\u0130P\u2019liler, adliye \u00f6n\u00fcnde bas\u0131n a\u00e7\u0131klamas\u0131 yapt\u0131. A\u00e7\u0131klamaya kat\u0131lan T\u0130P S\u00f6zc\u00fcs\u00fc Sera Kad\u0131gil, \u201cBu \u00fclkede katledilen b\u00fct\u00fcn kad\u0131nlar\u0131n katili saray rejimidir. Kad\u0131n katilleri i\u00e7in yap\u0131lan [&hellip;]<\/p>\n","protected":false},"author":1,"featured_media":3440,"comment_status":"open","ping_status":"open","sticky":false,"template":"","format":"standard","meta":{"footnotes":"","_links_to":"","_links_to_target":""},"categories":[1],"tags":[],"class_list":["post-3439","post","type-post","status-publish","format-standard","has-post-thumbnail","hentry","category-haberler"],"_links":{"self":[{"href":"https:\/\/www.abchukuk.com\/index.php\/wp-json\/wp\/v2\/posts\/3439","targetHints":{"allow":["GET"]}}],"collection":[{"href":"https:\/\/www.abchukuk.com\/index.php\/wp-json\/wp\/v2\/posts"}],"about":[{"href":"https:\/\/www.abchukuk.com\/index.php\/wp-json\/wp\/v2\/types\/post"}],"author":[{"embeddable":true,"href":"https:\/\/www.abchukuk.com\/index.php\/wp-json\/wp\/v2\/users\/1"}],"replies":[{"embeddable":true,"href":"https:\/\/www.abchukuk.com\/index.php\/wp-json\/wp\/v2\/comments?post=3439"}],"version-history":[{"count":0,"href":"https:\/\/www.abchukuk.com\/index.php\/wp-json\/wp\/v2\/posts\/3439\/revisions"}],"wp:featuredmedia":[{"embeddable":true,"href":"https:\/\/www.abchukuk.com\/index.php\/wp-json\/wp\/v2\/media\/3440"}],"wp:attachment":[{"href":"https:\/\/www.abchukuk.com\/index.php\/wp-json\/wp\/v2\/media?parent=3439"}],"wp:term":[{"taxonomy":"category","embeddable":true,"href":"https:\/\/www.abchukuk.com\/index.php\/wp-json\/wp\/v2\/categories?post=3439"},{"taxonomy":"post_tag","embeddable":true,"href":"https:\/\/www.abchukuk.com\/index.php\/wp-json\/wp\/v2\/tags?post=3439"}],"curies":[{"name":"wp","href":"https:\/\/api.w.org\/{rel}","templated":true}]}}