{"id":34285,"date":"2026-06-23T15:48:00","date_gmt":"2026-06-23T15:48:00","guid":{"rendered":"https:\/\/www.abchukuk.com\/index.php\/2026\/06\/23\/istanbul-cumhuriyet-bassavcisi-fatih-donmeze-sakarya-adalet-komisyonu-baskani-ismail-yildirimdan-ziyaret\/"},"modified":"2026-06-23T15:48:00","modified_gmt":"2026-06-23T15:48:00","slug":"istanbul-cumhuriyet-bassavcisi-fatih-donmeze-sakarya-adalet-komisyonu-baskani-ismail-yildirimdan-ziyaret","status":"publish","type":"post","link":"https:\/\/www.abchukuk.com\/index.php\/2026\/06\/23\/istanbul-cumhuriyet-bassavcisi-fatih-donmeze-sakarya-adalet-komisyonu-baskani-ismail-yildirimdan-ziyaret\/","title":{"rendered":"\u0130stanbul Cumhuriyet Ba\u015fsavc\u0131s\u0131 Fatih D\u00f6nmez\u2019e Sakarya Adalet Komisyonu Ba\u015fkan\u0131 \u0130smail Y\u0131ld\u0131r\u0131m\u2019dan ziyaret"},"content":{"rendered":"<p><strong>SON.TV \/ \u0130STANBUL<\/strong><\/p>\n<p><strong>Hakimler ve Savc\u0131lar Kurulu\u2019<\/strong>nun 2026 y\u0131l\u0131 yaz kararnamesinin ard\u0131ndan <strong>\u0130stanbul Cumhuriyet Ba\u015fsavc\u0131l\u0131\u011f\u0131<\/strong> g\u00f6revine ba\u015flayan <strong>Fatih D\u00f6nmez<\/strong>\u2019e y\u00f6nelik hay\u0131rl\u0131 olsun ziyaretleri s\u00fcr\u00fcyor.<\/p>\n<p>Bu kapsamda <strong>Sakarya Adli Yarg\u0131 \u0130lk Derece Mahkemesi Adalet Komisyonu Ba\u015fkan\u0131 \u0130smail Y\u0131ld\u0131r\u0131m, \u0130stanbul Cumhuriyet Ba\u015fsavc\u0131s\u0131 Fatih D\u00f6nmez<\/strong>\u2019i makam\u0131nda ziyaret etti.<\/p>\n<p><strong>\u0130stanbul Adliyesi\u2019<\/strong>nde ger\u00e7ekle\u015fen g\u00f6r\u00fc\u015fmede, yarg\u0131 te\u015fkilat\u0131n\u0131n i\u015fleyi\u015fi, adalet hizmetlerinin etkin \u015fekilde y\u00fcr\u00fct\u00fclmesi ve kurumlar aras\u0131 koordinasyon konular\u0131nda de\u011ferlendirmelerde bulunuldu\u011fu \u00f6\u011frenildi.<\/p>\n<p><strong>\u0130K\u0130 YARGI MENSUBU B\u0130R ARAYA GELD\u0130<\/strong><\/p>\n<p><strong>T\u00fcrkiye\u2019<\/strong>nin en yo\u011fun adliyelerinden biri olan <strong>\u0130stanbul<\/strong> <strong>Adliyesi<\/strong>\u2019nde ger\u00e7ekle\u015fen bulu\u015fmada, <strong>Sakarya Adalet Komisyonu Ba\u015fkan\u0131 \u0130smail Y\u0131ld\u0131r\u0131m<\/strong> ile <strong>\u0130stanbul<\/strong> <strong>Cumhuriyet Ba\u015fsavc\u0131s\u0131 Fatih D\u00f6nmez<\/strong> bir s\u00fcre g\u00f6r\u00fc\u015ferek kar\u015f\u0131l\u0131kl\u0131 fikir al\u0131\u015fveri\u015finde bulundu.<\/p>\n<p>G\u00f6r\u00fc\u015fmede, yarg\u0131 hizmetlerinde verimlili\u011fin art\u0131r\u0131lmas\u0131, teknolojik d\u00f6n\u00fc\u015f\u00fcm s\u00fcre\u00e7leri ve vatanda\u015flar\u0131n adalet hizmetlerine eri\u015fiminin kolayla\u015ft\u0131r\u0131lmas\u0131na y\u00f6nelik \u00e7al\u0131\u015fmalar\u0131n da g\u00fcndeme geldi\u011fi de\u011ferlendiriliyor.<\/p>\n<p>\u00a0<\/p>\n<p><img fetchpriority=\"high\" decoding=\"async\" class=\"alignnone size-medium wp-image-187303\" src=\"https:\/\/www.son.tv\/wp-content\/uploads\/2026\/06\/583e8fb2-bee7-4d8d-8baa-14ffa3cc72bd-235x300.jpeg\" alt=\"\" width=\"235\" height=\"300\" \/><\/p>\n<p><strong>YARGIDA \u0130\u015e B\u0130RL\u0130\u011e\u0130 VE DAYANI\u015eMA VURGUSU<\/strong><\/p>\n<p>Yarg\u0131 te\u015fkilat\u0131nda g\u00f6rev yapan \u00fcst d\u00fczey isimlerin ger\u00e7ekle\u015ftirdi\u011fi ziyaretler, kurumlar aras\u0131ndaki ileti\u015fim ve koordinasyonun g\u00fc\u00e7lendirilmesi a\u00e7\u0131s\u0131ndan \u00f6nem ta\u015f\u0131yor.<\/p>\n<p><strong>Ba\u015fsavc\u0131 Fatih D\u00f6nmez i<\/strong>le <strong>Komisyon Ba\u015fkan\u0131 \u0130smail Y\u0131ld\u0131r\u0131m<\/strong>\u2019\u0131n g\u00f6r\u00fc\u015fmesinde de yarg\u0131 hizmetlerinin daha etkin ve h\u0131zl\u0131 y\u00fcr\u00fct\u00fclmesine y\u00f6nelik ortak anlay\u0131\u015f\u0131n \u00f6n plana \u00e7\u0131kt\u0131\u011f\u0131 ifade edildi.<\/p>\n<p>\u00d6zellikle son y\u0131llarda dijitalle\u015fme, <strong>UYAP<\/strong> uygulamalar\u0131 ve vatanda\u015f odakl\u0131 hizmet anlay\u0131\u015f\u0131n\u0131n geli\u015ftirilmesine y\u00f6nelik \u00e7al\u0131\u015fmalar\u0131n, yarg\u0131 kurumlar\u0131 aras\u0131ndaki g\u00fc\u00e7l\u00fc ileti\u015fim sayesinde daha da ileri ta\u015f\u0131nmas\u0131 hedefleniyor.<\/p>\n<p><strong>HAYIRLI OLSUN MESAJLARI \u0130LET\u0130LD\u0130<\/strong><\/p>\n<p>Samimi bir atmosferde ger\u00e7ekle\u015fen g\u00f6r\u00fc\u015fmenin sonunda <strong>Sakarya Adalet Komisyonu Ba\u015fkan\u0131 \u0130smail Y\u0131ld\u0131r\u0131m, Ba\u015fsavc\u0131 Fatih D\u00f6nmez<\/strong>\u2019e yeni g\u00f6revinde ba\u015far\u0131 dileklerini iletti.<\/p>\n<p><strong>Ba\u015fsavc\u0131 D\u00f6nmez<\/strong> de nazik ziyareti dolay\u0131s\u0131yla Y\u0131ld\u0131r\u0131m\u2019a te\u015fekk\u00fcr etti.<\/p>\n<p>Ziyaret, g\u00fcn\u00fcn an\u0131s\u0131na \u00e7ekilen hat\u0131ra foto\u011fraf\u0131n\u0131n ard\u0131ndan sona erdi.<\/p>\n<p><strong>ET\u0130KETLER:#FatihD\u00f6nmez #\u0130smailY\u0131ld\u0131r\u0131m #\u0130stanbulCumhuriyetBa\u015fsavc\u0131l\u0131\u011f\u0131 #SakaryaAdaletKomisyonu #Yarg\u0131 #HSK #\u0130stanbulAdliyesi #SonTV<\/strong><\/p>\n<p>Sakarya Adli Yarg\u0131 \u0130lk Derece Mahkemesi Adalet Komisyonu Ba\u015fkan\u0131 \u0130smail Y\u0131ld\u0131r\u0131m, \u0130stanbul Cumhuriyet Ba\u015fsavc\u0131l\u0131\u011f\u0131 g\u00f6revine atanan Fatih D\u00f6nmez\u2019i makam\u0131nda ziyaret etti. \u0130stanbul Adliyesi\u2019nde ger\u00e7ekle\u015fen g\u00f6r\u00fc\u015fmede yarg\u0131 hizmetleri, kurumsal i\u015f birli\u011fi ve adalet te\u015fkilat\u0131n\u0131n \u00e7al\u0131\u015fmalar\u0131 ele al\u0131nd\u0131.\u00a0<a href=\"https:\/\/www.son.tv\/istanbul-cumhuriyet-bassavcisi-fatih-donmeze-sakarya-adalet-komisyonu-baskani-ismail-yildirimdan-ziyaret\/\" target=\"_blank\" class=\"feedzy-rss-link-icon\">Read More<\/a><\/p>","protected":false},"excerpt":{"rendered":"<p>SON.TV \/ \u0130STANBUL Hakimler ve Savc\u0131lar Kurulu\u2019nun 2026 y\u0131l\u0131 yaz kararnamesinin ard\u0131ndan \u0130stanbul Cumhuriyet Ba\u015fsavc\u0131l\u0131\u011f\u0131 g\u00f6revine ba\u015flayan Fatih D\u00f6nmez\u2019e y\u00f6nelik hay\u0131rl\u0131 olsun ziyaretleri s\u00fcr\u00fcyor. Bu kapsamda Sakarya Adli Yarg\u0131 \u0130lk Derece Mahkemesi Adalet Komisyonu Ba\u015fkan\u0131 \u0130smail Y\u0131ld\u0131r\u0131m, \u0130stanbul Cumhuriyet Ba\u015fsavc\u0131s\u0131 Fatih D\u00f6nmez\u2019i makam\u0131nda ziyaret etti. \u0130stanbul Adliyesi\u2019nde ger\u00e7ekle\u015fen g\u00f6r\u00fc\u015fmede, yarg\u0131 te\u015fkilat\u0131n\u0131n i\u015fleyi\u015fi, adalet hizmetlerinin etkin [&hellip;]<\/p>\n","protected":false},"author":1,"featured_media":34286,"comment_status":"open","ping_status":"open","sticky":false,"template":"","format":"standard","meta":{"footnotes":"","_links_to":"","_links_to_target":""},"categories":[1],"tags":[],"class_list":["post-34285","post","type-post","status-publish","format-standard","has-post-thumbnail","hentry","category-haberler"],"_links":{"self":[{"href":"https:\/\/www.abchukuk.com\/index.php\/wp-json\/wp\/v2\/posts\/34285","targetHints":{"allow":["GET"]}}],"collection":[{"href":"https:\/\/www.abchukuk.com\/index.php\/wp-json\/wp\/v2\/posts"}],"about":[{"href":"https:\/\/www.abchukuk.com\/index.php\/wp-json\/wp\/v2\/types\/post"}],"author":[{"embeddable":true,"href":"https:\/\/www.abchukuk.com\/index.php\/wp-json\/wp\/v2\/users\/1"}],"replies":[{"embeddable":true,"href":"https:\/\/www.abchukuk.com\/index.php\/wp-json\/wp\/v2\/comments?post=34285"}],"version-history":[{"count":0,"href":"https:\/\/www.abchukuk.com\/index.php\/wp-json\/wp\/v2\/posts\/34285\/revisions"}],"wp:featuredmedia":[{"embeddable":true,"href":"https:\/\/www.abchukuk.com\/index.php\/wp-json\/wp\/v2\/media\/34286"}],"wp:attachment":[{"href":"https:\/\/www.abchukuk.com\/index.php\/wp-json\/wp\/v2\/media?parent=34285"}],"wp:term":[{"taxonomy":"category","embeddable":true,"href":"https:\/\/www.abchukuk.com\/index.php\/wp-json\/wp\/v2\/categories?post=34285"},{"taxonomy":"post_tag","embeddable":true,"href":"https:\/\/www.abchukuk.com\/index.php\/wp-json\/wp\/v2\/tags?post=34285"}],"curies":[{"name":"wp","href":"https:\/\/api.w.org\/{rel}","templated":true}]}}