{"id":3426,"date":"2025-09-05T09:31:00","date_gmt":"2025-09-05T09:31:00","guid":{"rendered":"http:\/\/www.lopsssdoner.com\/index.php\/2025\/09\/05\/tutuklamalar-icin-yola-cikan-ozgurluk-pedallari-chp-genel-merkezinde\/"},"modified":"2025-09-05T09:31:00","modified_gmt":"2025-09-05T09:31:00","slug":"tutuklamalar-icin-yola-cikan-ozgurluk-pedallari-chp-genel-merkezinde","status":"publish","type":"post","link":"https:\/\/www.abchukuk.com\/index.php\/2025\/09\/05\/tutuklamalar-icin-yola-cikan-ozgurluk-pedallari-chp-genel-merkezinde\/","title":{"rendered":"Tutuklamalar i\u00e7in yola \u00e7\u0131kan &#8216;\u00d6zg\u00fcrl\u00fck Pedallar\u0131&#8217; CHP Genel Merkezi\u2019nde"},"content":{"rendered":"<p>CHP Ceyhan Gen\u00e7lik Kollar\u0131 \u00fcyeleri, Ceyhan Belediye Ba\u015fkan\u0131 Kadir Aydar, Seyhan Belediye Ba\u015fkan\u0131 Oya Tekin ve Adana B\u00fcy\u00fck\u015fehir Belediye Ba\u015fkan\u0131 Zeydan Karalar ba\u015fta olmak \u00fczere tutuklu bulunan t\u00fcm belediye ba\u015fkanlar\u0131na \u00f6zg\u00fcrl\u00fck talebiyle Atat\u00fcrk Kent Meydan\u0131\u2019ndan Silivri\u2019ye ba\u015flatt\u0131klar\u0131 \u201c\u00d6zg\u00fcrl\u00fck Pedallar\u0131\u201d yolculu\u011funun 11&#8217;inci g\u00fcn\u00fcnde Ankara\u2019ya ula\u015ft\u0131.CHP Ceyhan Gen\u00e7lik Kollar\u0131 \u00fcyeleri, Ceyhan Belediye Ba\u015fkan\u0131 Kadir Aydar, Seyhan Belediye Ba\u015fkan\u0131 Oya Tekin ve Adana B\u00fcy\u00fck\u015fehir Belediye Ba\u015fkan\u0131 Zeydan Karalar ba\u015fta olmak \u00fczere tutuklu bulunan t\u00fcm belediye ba\u015fkanlar\u0131na \u00f6zg\u00fcrl\u00fck talebiyle Atat\u00fcrk Kent Meydan\u0131\u2019ndan Silivri\u2019ye ba\u015flatt\u0131klar\u0131 \u201c\u00d6zg\u00fcrl\u00fck Pedallar\u0131\u201d yolculu\u011funun 11&#8217;inci g\u00fcn\u00fcnde Ankara\u2019ya ula\u015ft\u0131.\u00a0<a href=\"https:\/\/www.cumhuriyet.com.tr\/turkiye\/tutuklamalar-icin-yola-cikan-ozgurluk-pedallari-chp-genel-merkezi-nde-2432492\" target=\"_blank\" class=\"feedzy-rss-link-icon\">Read More<\/a><\/p>","protected":false},"excerpt":{"rendered":"<p>CHP Ceyhan Gen\u00e7lik Kollar\u0131 \u00fcyeleri, Ceyhan Belediye Ba\u015fkan\u0131 Kadir Aydar, Seyhan Belediye Ba\u015fkan\u0131 Oya Tekin ve Adana B\u00fcy\u00fck\u015fehir Belediye Ba\u015fkan\u0131 Zeydan Karalar ba\u015fta olmak \u00fczere tutuklu bulunan t\u00fcm belediye ba\u015fkanlar\u0131na \u00f6zg\u00fcrl\u00fck talebiyle Atat\u00fcrk Kent Meydan\u0131\u2019ndan Silivri\u2019ye ba\u015flatt\u0131klar\u0131 \u201c\u00d6zg\u00fcrl\u00fck Pedallar\u0131\u201d yolculu\u011funun 11&#8217;inci g\u00fcn\u00fcnde Ankara\u2019ya ula\u015ft\u0131.CHP Ceyhan Gen\u00e7lik Kollar\u0131 \u00fcyeleri, Ceyhan Belediye Ba\u015fkan\u0131 Kadir Aydar, Seyhan Belediye [&hellip;]<\/p>\n","protected":false},"author":1,"featured_media":3427,"comment_status":"open","ping_status":"open","sticky":false,"template":"","format":"standard","meta":{"footnotes":"","_links_to":"","_links_to_target":""},"categories":[1],"tags":[],"class_list":["post-3426","post","type-post","status-publish","format-standard","has-post-thumbnail","hentry","category-haberler"],"_links":{"self":[{"href":"https:\/\/www.abchukuk.com\/index.php\/wp-json\/wp\/v2\/posts\/3426","targetHints":{"allow":["GET"]}}],"collection":[{"href":"https:\/\/www.abchukuk.com\/index.php\/wp-json\/wp\/v2\/posts"}],"about":[{"href":"https:\/\/www.abchukuk.com\/index.php\/wp-json\/wp\/v2\/types\/post"}],"author":[{"embeddable":true,"href":"https:\/\/www.abchukuk.com\/index.php\/wp-json\/wp\/v2\/users\/1"}],"replies":[{"embeddable":true,"href":"https:\/\/www.abchukuk.com\/index.php\/wp-json\/wp\/v2\/comments?post=3426"}],"version-history":[{"count":0,"href":"https:\/\/www.abchukuk.com\/index.php\/wp-json\/wp\/v2\/posts\/3426\/revisions"}],"wp:featuredmedia":[{"embeddable":true,"href":"https:\/\/www.abchukuk.com\/index.php\/wp-json\/wp\/v2\/media\/3427"}],"wp:attachment":[{"href":"https:\/\/www.abchukuk.com\/index.php\/wp-json\/wp\/v2\/media?parent=3426"}],"wp:term":[{"taxonomy":"category","embeddable":true,"href":"https:\/\/www.abchukuk.com\/index.php\/wp-json\/wp\/v2\/categories?post=3426"},{"taxonomy":"post_tag","embeddable":true,"href":"https:\/\/www.abchukuk.com\/index.php\/wp-json\/wp\/v2\/tags?post=3426"}],"curies":[{"name":"wp","href":"https:\/\/api.w.org\/{rel}","templated":true}]}}