{"id":3418,"date":"2025-09-05T06:53:00","date_gmt":"2025-09-05T06:53:00","guid":{"rendered":"http:\/\/www.lopsssdoner.com\/index.php\/2025\/09\/05\/diyanetten-suca-suruklenen-cocuk-hutbesi\/"},"modified":"2025-09-05T06:53:00","modified_gmt":"2025-09-05T06:53:00","slug":"diyanetten-suca-suruklenen-cocuk-hutbesi","status":"publish","type":"post","link":"https:\/\/www.abchukuk.com\/index.php\/2025\/09\/05\/diyanetten-suca-suruklenen-cocuk-hutbesi\/","title":{"rendered":"Diyanet&#8217;ten &#8216;su\u00e7a s\u00fcr\u00fcklenen \u00e7ocuk&#8217; hutbesi"},"content":{"rendered":"<p>Diyanet \u0130\u015fleri Ba\u015fkanl\u0131\u011f\u0131 yay\u0131mlad\u0131\u011f\u0131 Cuma Hutbesi&#8217;nde &#8220;Zaman\u0131m\u0131zda ya\u015fan\u0131lan problemlerin temelinde evlatlar\u0131m\u0131z\u0131; Rabbimizin emrine, Peygamber Efendimiz (s.a.s)\u2019in y\u00fcce ahlak\u0131na g\u00f6re e\u011fitememi\u015f olmam\u0131z yatmaktad\u0131r&#8221; yorumunu yapt\u0131.Diyanet \u0130\u015fleri Ba\u015fkanl\u0131\u011f\u0131 yay\u0131mlad\u0131\u011f\u0131 Cuma Hutbesi&#8217;nde &#8220;Zaman\u0131m\u0131zda ya\u015fan\u0131lan problemlerin temelinde evlatlar\u0131m\u0131z\u0131; Rabbimizin emrine, Peygamber Efendimiz (s.a.s)\u2019in y\u00fcce ahlak\u0131na g\u00f6re e\u011fitememi\u015f olmam\u0131z yatmaktad\u0131r&#8221; yorumunu yapt\u0131.\u00a0<a href=\"https:\/\/www.cumhuriyet.com.tr\/siyaset\/diyanet-ten-suca-suruklenen-cocuk-hutbesi-2432431\" target=\"_blank\" class=\"feedzy-rss-link-icon\">Read More<\/a><\/p>","protected":false},"excerpt":{"rendered":"<p>Diyanet \u0130\u015fleri Ba\u015fkanl\u0131\u011f\u0131 yay\u0131mlad\u0131\u011f\u0131 Cuma Hutbesi&#8217;nde &#8220;Zaman\u0131m\u0131zda ya\u015fan\u0131lan problemlerin temelinde evlatlar\u0131m\u0131z\u0131; Rabbimizin emrine, Peygamber Efendimiz (s.a.s)\u2019in y\u00fcce ahlak\u0131na g\u00f6re e\u011fitememi\u015f olmam\u0131z yatmaktad\u0131r&#8221; yorumunu yapt\u0131.Diyanet \u0130\u015fleri Ba\u015fkanl\u0131\u011f\u0131 yay\u0131mlad\u0131\u011f\u0131 Cuma Hutbesi&#8217;nde &#8220;Zaman\u0131m\u0131zda ya\u015fan\u0131lan problemlerin temelinde evlatlar\u0131m\u0131z\u0131; Rabbimizin emrine, Peygamber Efendimiz (s.a.s)\u2019in y\u00fcce ahlak\u0131na g\u00f6re e\u011fitememi\u015f olmam\u0131z yatmaktad\u0131r&#8221; yorumunu yapt\u0131.\u00a0Read More<\/p>\n","protected":false},"author":1,"featured_media":3419,"comment_status":"open","ping_status":"open","sticky":false,"template":"","format":"standard","meta":{"footnotes":"","_links_to":"","_links_to_target":""},"categories":[1],"tags":[],"class_list":["post-3418","post","type-post","status-publish","format-standard","has-post-thumbnail","hentry","category-haberler"],"_links":{"self":[{"href":"https:\/\/www.abchukuk.com\/index.php\/wp-json\/wp\/v2\/posts\/3418","targetHints":{"allow":["GET"]}}],"collection":[{"href":"https:\/\/www.abchukuk.com\/index.php\/wp-json\/wp\/v2\/posts"}],"about":[{"href":"https:\/\/www.abchukuk.com\/index.php\/wp-json\/wp\/v2\/types\/post"}],"author":[{"embeddable":true,"href":"https:\/\/www.abchukuk.com\/index.php\/wp-json\/wp\/v2\/users\/1"}],"replies":[{"embeddable":true,"href":"https:\/\/www.abchukuk.com\/index.php\/wp-json\/wp\/v2\/comments?post=3418"}],"version-history":[{"count":0,"href":"https:\/\/www.abchukuk.com\/index.php\/wp-json\/wp\/v2\/posts\/3418\/revisions"}],"wp:featuredmedia":[{"embeddable":true,"href":"https:\/\/www.abchukuk.com\/index.php\/wp-json\/wp\/v2\/media\/3419"}],"wp:attachment":[{"href":"https:\/\/www.abchukuk.com\/index.php\/wp-json\/wp\/v2\/media?parent=3418"}],"wp:term":[{"taxonomy":"category","embeddable":true,"href":"https:\/\/www.abchukuk.com\/index.php\/wp-json\/wp\/v2\/categories?post=3418"},{"taxonomy":"post_tag","embeddable":true,"href":"https:\/\/www.abchukuk.com\/index.php\/wp-json\/wp\/v2\/tags?post=3418"}],"curies":[{"name":"wp","href":"https:\/\/api.w.org\/{rel}","templated":true}]}}