{"id":3417,"date":"2025-09-05T07:21:41","date_gmt":"2025-09-05T07:21:41","guid":{"rendered":"http:\/\/www.lopsssdoner.com\/index.php\/2025\/09\/05\/gursel-tekinden-videolu-aciklama-chp-adliye-koridorlarina-dusmemeliydi-goreve-basladik\/"},"modified":"2025-09-05T07:21:41","modified_gmt":"2025-09-05T07:21:41","slug":"gursel-tekinden-videolu-aciklama-chp-adliye-koridorlarina-dusmemeliydi-goreve-basladik","status":"publish","type":"post","link":"https:\/\/www.abchukuk.com\/index.php\/2025\/09\/05\/gursel-tekinden-videolu-aciklama-chp-adliye-koridorlarina-dusmemeliydi-goreve-basladik\/","title":{"rendered":"G\u00fcrsel Tekin&#8217;den videolu a\u00e7\u0131klama: &#8216;CHP adliye koridorlar\u0131na d\u00fc\u015fmemeliydi, g\u00f6reve ba\u015flad\u0131k&#8217;"},"content":{"rendered":"<p>CHP \u0130stanbul \u0130l Kongresi\u2019nin mahkeme taraf\u0131ndan iptal edilmesinin ard\u0131ndan il ba\u015fkanl\u0131\u011f\u0131na getirilen G\u00fcrsel Tekin, videolu bir a\u00e7\u0131klama yapt\u0131. Tekin, \u201cCumhuriyet Halk Partisi sava\u015f meydanlar\u0131nda kurulmu\u015f bir siyasi partidir, adliye koridorlar\u0131na d\u00fc\u015fmemeliydi\u201d dedi.CHP \u0130stanbul \u0130l Kongresi\u2019nin mahkeme taraf\u0131ndan iptal edilmesinin ard\u0131ndan il ba\u015fkanl\u0131\u011f\u0131na getirilen G\u00fcrsel Tekin, videolu bir a\u00e7\u0131klama yapt\u0131. Tekin, \u201cCumhuriyet Halk Partisi sava\u015f meydanlar\u0131nda kurulmu\u015f bir siyasi partidir, adliye koridorlar\u0131na d\u00fc\u015fmemeliydi\u201d dedi.\u00a0<a href=\"https:\/\/anlatilaninotesi.com.tr\/20250905\/gursel-tekinden-videolu-aciklama-chp-adliye-koridorlarina-dusmemeliydi-goreve-basladik-1099129525.html\" target=\"_blank\" class=\"feedzy-rss-link-icon\">Read More<\/a><\/p>","protected":false},"excerpt":{"rendered":"<p>CHP \u0130stanbul \u0130l Kongresi\u2019nin mahkeme taraf\u0131ndan iptal edilmesinin ard\u0131ndan il ba\u015fkanl\u0131\u011f\u0131na getirilen G\u00fcrsel Tekin, videolu bir a\u00e7\u0131klama yapt\u0131. Tekin, \u201cCumhuriyet Halk Partisi sava\u015f meydanlar\u0131nda kurulmu\u015f bir siyasi partidir, adliye koridorlar\u0131na d\u00fc\u015fmemeliydi\u201d dedi.CHP \u0130stanbul \u0130l Kongresi\u2019nin mahkeme taraf\u0131ndan iptal edilmesinin ard\u0131ndan il ba\u015fkanl\u0131\u011f\u0131na getirilen G\u00fcrsel Tekin, videolu bir a\u00e7\u0131klama yapt\u0131. Tekin, \u201cCumhuriyet Halk Partisi sava\u015f meydanlar\u0131nda [&hellip;]<\/p>\n","protected":false},"author":1,"featured_media":0,"comment_status":"open","ping_status":"open","sticky":false,"template":"","format":"standard","meta":{"footnotes":"","_links_to":"","_links_to_target":""},"categories":[1],"tags":[],"class_list":["post-3417","post","type-post","status-publish","format-standard","hentry","category-haberler"],"_links":{"self":[{"href":"https:\/\/www.abchukuk.com\/index.php\/wp-json\/wp\/v2\/posts\/3417","targetHints":{"allow":["GET"]}}],"collection":[{"href":"https:\/\/www.abchukuk.com\/index.php\/wp-json\/wp\/v2\/posts"}],"about":[{"href":"https:\/\/www.abchukuk.com\/index.php\/wp-json\/wp\/v2\/types\/post"}],"author":[{"embeddable":true,"href":"https:\/\/www.abchukuk.com\/index.php\/wp-json\/wp\/v2\/users\/1"}],"replies":[{"embeddable":true,"href":"https:\/\/www.abchukuk.com\/index.php\/wp-json\/wp\/v2\/comments?post=3417"}],"version-history":[{"count":0,"href":"https:\/\/www.abchukuk.com\/index.php\/wp-json\/wp\/v2\/posts\/3417\/revisions"}],"wp:attachment":[{"href":"https:\/\/www.abchukuk.com\/index.php\/wp-json\/wp\/v2\/media?parent=3417"}],"wp:term":[{"taxonomy":"category","embeddable":true,"href":"https:\/\/www.abchukuk.com\/index.php\/wp-json\/wp\/v2\/categories?post=3417"},{"taxonomy":"post_tag","embeddable":true,"href":"https:\/\/www.abchukuk.com\/index.php\/wp-json\/wp\/v2\/tags?post=3417"}],"curies":[{"name":"wp","href":"https:\/\/api.w.org\/{rel}","templated":true}]}}