{"id":3415,"date":"2025-09-05T06:03:00","date_gmt":"2025-09-05T06:03:00","guid":{"rendered":"http:\/\/www.lopsssdoner.com\/index.php\/2025\/09\/05\/alaattin-koseler-tahliye-edildi-ozgur-celikten-carpici-mesaj-bir-kez-daha-altini-ciziyorum\/"},"modified":"2025-09-05T06:03:00","modified_gmt":"2025-09-05T06:03:00","slug":"alaattin-koseler-tahliye-edildi-ozgur-celikten-carpici-mesaj-bir-kez-daha-altini-ciziyorum","status":"publish","type":"post","link":"https:\/\/www.abchukuk.com\/index.php\/2025\/09\/05\/alaattin-koseler-tahliye-edildi-ozgur-celikten-carpici-mesaj-bir-kez-daha-altini-ciziyorum\/","title":{"rendered":"Alaattin K\u00f6seler tahliye edildi! \u00d6zg\u00fcr \u00c7elik&#8217;ten \u00e7arp\u0131c\u0131 mesaj: &#8216;Bir kez daha alt\u0131n\u0131 \u00e7iziyorum&#8230;&#8217;"},"content":{"rendered":"<p>Mahkeme karar\u0131yla g\u00f6revden al\u0131nan CHP \u0130stanbul \u0130l Ba\u015fkan\u0131 \u00d6zg\u00fcr \u00c7elik, &#8220;Aylard\u0131r, haks\u0131z ve hukuksuz \u015fekilde cezaevinde tutulan Beykoz Belediye Ba\u015fkan\u0131m\u0131z Alaattin K\u00f6seler biraz \u00f6nce serbest kald\u0131. Bu vesileyle bir kez daha, alt\u0131n\u0131 \u00e7iziyorum: Yarg\u0131lamalar\u0131n tamam\u0131 tutuksuz yap\u0131lmal\u0131d\u0131r&#8221; dedi.Mahkeme karar\u0131yla g\u00f6revden al\u0131nan CHP \u0130stanbul \u0130l Ba\u015fkan\u0131 \u00d6zg\u00fcr \u00c7elik, &#8220;Aylard\u0131r, haks\u0131z ve hukuksuz \u015fekilde cezaevinde tutulan Beykoz Belediye Ba\u015fkan\u0131m\u0131z Alaattin K\u00f6seler biraz \u00f6nce serbest kald\u0131. Bu vesileyle bir kez daha, alt\u0131n\u0131 \u00e7iziyorum: Yarg\u0131lamalar\u0131n tamam\u0131 tutuksuz yap\u0131lmal\u0131d\u0131r&#8221; dedi.\u00a0<a href=\"https:\/\/www.cumhuriyet.com.tr\/siyaset\/alaattin-koseler-tahliye-edildi-ozgur-celik-ten-carpici-mesaj-bir-kez-daha-altini-ciziyorum-2432406\" target=\"_blank\" class=\"feedzy-rss-link-icon\">Read More<\/a><\/p>","protected":false},"excerpt":{"rendered":"<p>Mahkeme karar\u0131yla g\u00f6revden al\u0131nan CHP \u0130stanbul \u0130l Ba\u015fkan\u0131 \u00d6zg\u00fcr \u00c7elik, &#8220;Aylard\u0131r, haks\u0131z ve hukuksuz \u015fekilde cezaevinde tutulan Beykoz Belediye Ba\u015fkan\u0131m\u0131z Alaattin K\u00f6seler biraz \u00f6nce serbest kald\u0131. Bu vesileyle bir kez daha, alt\u0131n\u0131 \u00e7iziyorum: Yarg\u0131lamalar\u0131n tamam\u0131 tutuksuz yap\u0131lmal\u0131d\u0131r&#8221; dedi.Mahkeme karar\u0131yla g\u00f6revden al\u0131nan CHP \u0130stanbul \u0130l Ba\u015fkan\u0131 \u00d6zg\u00fcr \u00c7elik, &#8220;Aylard\u0131r, haks\u0131z ve hukuksuz \u015fekilde cezaevinde tutulan Beykoz [&hellip;]<\/p>\n","protected":false},"author":1,"featured_media":3416,"comment_status":"open","ping_status":"open","sticky":false,"template":"","format":"standard","meta":{"footnotes":"","_links_to":"","_links_to_target":""},"categories":[1],"tags":[],"class_list":["post-3415","post","type-post","status-publish","format-standard","has-post-thumbnail","hentry","category-haberler"],"_links":{"self":[{"href":"https:\/\/www.abchukuk.com\/index.php\/wp-json\/wp\/v2\/posts\/3415","targetHints":{"allow":["GET"]}}],"collection":[{"href":"https:\/\/www.abchukuk.com\/index.php\/wp-json\/wp\/v2\/posts"}],"about":[{"href":"https:\/\/www.abchukuk.com\/index.php\/wp-json\/wp\/v2\/types\/post"}],"author":[{"embeddable":true,"href":"https:\/\/www.abchukuk.com\/index.php\/wp-json\/wp\/v2\/users\/1"}],"replies":[{"embeddable":true,"href":"https:\/\/www.abchukuk.com\/index.php\/wp-json\/wp\/v2\/comments?post=3415"}],"version-history":[{"count":0,"href":"https:\/\/www.abchukuk.com\/index.php\/wp-json\/wp\/v2\/posts\/3415\/revisions"}],"wp:featuredmedia":[{"embeddable":true,"href":"https:\/\/www.abchukuk.com\/index.php\/wp-json\/wp\/v2\/media\/3416"}],"wp:attachment":[{"href":"https:\/\/www.abchukuk.com\/index.php\/wp-json\/wp\/v2\/media?parent=3415"}],"wp:term":[{"taxonomy":"category","embeddable":true,"href":"https:\/\/www.abchukuk.com\/index.php\/wp-json\/wp\/v2\/categories?post=3415"},{"taxonomy":"post_tag","embeddable":true,"href":"https:\/\/www.abchukuk.com\/index.php\/wp-json\/wp\/v2\/tags?post=3415"}],"curies":[{"name":"wp","href":"https:\/\/api.w.org\/{rel}","templated":true}]}}