{"id":3409,"date":"2025-09-04T21:57:00","date_gmt":"2025-09-04T21:57:00","guid":{"rendered":"http:\/\/www.lopsssdoner.com\/index.php\/2025\/09\/04\/eski-bassavci-cihaner-iki-yil-sonra-acilan-secim-davasinda-kavusturma-yapilamaz\/"},"modified":"2025-09-04T21:57:00","modified_gmt":"2025-09-04T21:57:00","slug":"eski-bassavci-cihaner-iki-yil-sonra-acilan-secim-davasinda-kavusturma-yapilamaz","status":"publish","type":"post","link":"https:\/\/www.abchukuk.com\/index.php\/2025\/09\/04\/eski-bassavci-cihaner-iki-yil-sonra-acilan-secim-davasinda-kavusturma-yapilamaz\/","title":{"rendered":"Eski Ba\u015fsavc\u0131 Cihaner: \u2018\u0130ki y\u0131l sonra a\u00e7\u0131lan se\u00e7im davas\u0131nda kavu\u015fturma yap\u0131lamaz!\u2019"},"content":{"rendered":"<p>Eski Cumhuriyet Ba\u015fsavc\u0131s\u0131 ve eski CHP Milletvekili \u0130lhan Cihaner, \u201cSe\u00e7im su\u00e7lar\u0131ndan do\u011fan kamu davas\u0131, se\u00e7imin bitti\u011fi tarihten itibaren alt\u0131 ay i\u00e7inde a\u00e7\u0131lmad\u0131\u011f\u0131 takdirde kovu\u015fturma yap\u0131lamaz\u201d diyerek hukuki d\u00fczenlemelere dikkat \u00e7ekti.Eski Cumhuriyet Ba\u015fsavc\u0131s\u0131 ve eski CHP Milletvekili \u0130lhan Cihaner, \u201cSe\u00e7im su\u00e7lar\u0131ndan do\u011fan kamu davas\u0131, se\u00e7imin bitti\u011fi tarihten itibaren alt\u0131 ay i\u00e7inde a\u00e7\u0131lmad\u0131\u011f\u0131 takdirde kovu\u015fturma yap\u0131lamaz\u201d diyerek hukuki d\u00fczenlemelere dikkat \u00e7ekti.\u00a0<a href=\"https:\/\/www.cumhuriyet.com.tr\/turkiye\/eski-bassavci-cihaner-iki-yil-sonra-acilan-secim-davasinda-kavusturma-yapilamaz-2432399\" target=\"_blank\" class=\"feedzy-rss-link-icon\">Read More<\/a><\/p>","protected":false},"excerpt":{"rendered":"<p>Eski Cumhuriyet Ba\u015fsavc\u0131s\u0131 ve eski CHP Milletvekili \u0130lhan Cihaner, \u201cSe\u00e7im su\u00e7lar\u0131ndan do\u011fan kamu davas\u0131, se\u00e7imin bitti\u011fi tarihten itibaren alt\u0131 ay i\u00e7inde a\u00e7\u0131lmad\u0131\u011f\u0131 takdirde kovu\u015fturma yap\u0131lamaz\u201d diyerek hukuki d\u00fczenlemelere dikkat \u00e7ekti.Eski Cumhuriyet Ba\u015fsavc\u0131s\u0131 ve eski CHP Milletvekili \u0130lhan Cihaner, \u201cSe\u00e7im su\u00e7lar\u0131ndan do\u011fan kamu davas\u0131, se\u00e7imin bitti\u011fi tarihten itibaren alt\u0131 ay i\u00e7inde a\u00e7\u0131lmad\u0131\u011f\u0131 takdirde kovu\u015fturma yap\u0131lamaz\u201d diyerek [&hellip;]<\/p>\n","protected":false},"author":1,"featured_media":3410,"comment_status":"open","ping_status":"open","sticky":false,"template":"","format":"standard","meta":{"footnotes":"","_links_to":"","_links_to_target":""},"categories":[1],"tags":[],"class_list":["post-3409","post","type-post","status-publish","format-standard","has-post-thumbnail","hentry","category-haberler"],"_links":{"self":[{"href":"https:\/\/www.abchukuk.com\/index.php\/wp-json\/wp\/v2\/posts\/3409","targetHints":{"allow":["GET"]}}],"collection":[{"href":"https:\/\/www.abchukuk.com\/index.php\/wp-json\/wp\/v2\/posts"}],"about":[{"href":"https:\/\/www.abchukuk.com\/index.php\/wp-json\/wp\/v2\/types\/post"}],"author":[{"embeddable":true,"href":"https:\/\/www.abchukuk.com\/index.php\/wp-json\/wp\/v2\/users\/1"}],"replies":[{"embeddable":true,"href":"https:\/\/www.abchukuk.com\/index.php\/wp-json\/wp\/v2\/comments?post=3409"}],"version-history":[{"count":0,"href":"https:\/\/www.abchukuk.com\/index.php\/wp-json\/wp\/v2\/posts\/3409\/revisions"}],"wp:featuredmedia":[{"embeddable":true,"href":"https:\/\/www.abchukuk.com\/index.php\/wp-json\/wp\/v2\/media\/3410"}],"wp:attachment":[{"href":"https:\/\/www.abchukuk.com\/index.php\/wp-json\/wp\/v2\/media?parent=3409"}],"wp:term":[{"taxonomy":"category","embeddable":true,"href":"https:\/\/www.abchukuk.com\/index.php\/wp-json\/wp\/v2\/categories?post=3409"},{"taxonomy":"post_tag","embeddable":true,"href":"https:\/\/www.abchukuk.com\/index.php\/wp-json\/wp\/v2\/tags?post=3409"}],"curies":[{"name":"wp","href":"https:\/\/api.w.org\/{rel}","templated":true}]}}