{"id":3405,"date":"2025-09-04T15:20:51","date_gmt":"2025-09-04T15:20:51","guid":{"rendered":"http:\/\/www.lopsssdoner.com\/index.php\/2025\/09\/04\/savci-ercan-kayhanin-katil-zanlisi-tutuklandi\/"},"modified":"2025-09-04T15:20:51","modified_gmt":"2025-09-04T15:20:51","slug":"savci-ercan-kayhanin-katil-zanlisi-tutuklandi","status":"publish","type":"post","link":"https:\/\/www.abchukuk.com\/index.php\/2025\/09\/04\/savci-ercan-kayhanin-katil-zanlisi-tutuklandi\/","title":{"rendered":"Savc\u0131 Ercan Kayhan&#8217;\u0131n katil zanl\u0131s\u0131 tutukland\u0131"},"content":{"rendered":"<p>Cumhuriyet Savc\u0131s\u0131 Ercan Kayhan\u2019\u0131 bo\u011faz\u0131n\u0131 keserek \u00f6ld\u00fcren Mustafa Can G\u00fcl\u2019\u00fcn savc\u0131l\u0131k ifadesi ortaya \u00e7\u0131kt\u0131. G\u00fcl ifadesinde olay an\u0131n\u0131 so\u011fuk kanl\u0131l\u0131kla anlat\u0131rken boynundan b\u0131\u00e7aklad\u0131\u011f\u0131 Kayhan\u2019\u0131n yere d\u00fc\u015fmesi \u00fczerine &#8220;Panikle bo\u011faz\u0131n\u0131 kestim&#8221; dedi. Tutuklama talebiyle mahkemeye sevk edilen Mustafa Can G\u00fcl tutukland\u0131Cumhuriyet Savc\u0131s\u0131 Ercan Kayhan\u2019\u0131 bo\u011faz\u0131n\u0131 keserek \u00f6ld\u00fcren Mustafa Can G\u00fcl\u2019\u00fcn savc\u0131l\u0131k ifadesi ortaya \u00e7\u0131kt\u0131. G\u00fcl ifadesinde olay an\u0131n\u0131 so\u011fuk kanl\u0131l\u0131kla anlat\u0131rken boynundan b\u0131\u00e7aklad\u0131\u011f\u0131 Kayhan\u2019\u0131n yere d\u00fc\u015fmesi \u00fczerine &#8220;Panikle bo\u011faz\u0131n\u0131 kestim&#8221; dedi. Tutuklama talebiyle mahkemeye sevk edilen Mustafa Can G\u00fcl tutukland\u0131\u00a0<a href=\"https:\/\/www.haberturk.com\/cumhuriyet-savcisi-ercan-kayhani-olduren-mustafa-can-gul-un-ifadesi-ortaya-cikti-son-dakika-3819925\" target=\"_blank\" class=\"feedzy-rss-link-icon\">Read More<\/a><\/p>","protected":false},"excerpt":{"rendered":"<p>Cumhuriyet Savc\u0131s\u0131 Ercan Kayhan\u2019\u0131 bo\u011faz\u0131n\u0131 keserek \u00f6ld\u00fcren Mustafa Can G\u00fcl\u2019\u00fcn savc\u0131l\u0131k ifadesi ortaya \u00e7\u0131kt\u0131. G\u00fcl ifadesinde olay an\u0131n\u0131 so\u011fuk kanl\u0131l\u0131kla anlat\u0131rken boynundan b\u0131\u00e7aklad\u0131\u011f\u0131 Kayhan\u2019\u0131n yere d\u00fc\u015fmesi \u00fczerine &#8220;Panikle bo\u011faz\u0131n\u0131 kestim&#8221; dedi. Tutuklama talebiyle mahkemeye sevk edilen Mustafa Can G\u00fcl tutukland\u0131Cumhuriyet Savc\u0131s\u0131 Ercan Kayhan\u2019\u0131 bo\u011faz\u0131n\u0131 keserek \u00f6ld\u00fcren Mustafa Can G\u00fcl\u2019\u00fcn savc\u0131l\u0131k ifadesi ortaya \u00e7\u0131kt\u0131. G\u00fcl ifadesinde [&hellip;]<\/p>\n","protected":false},"author":1,"featured_media":0,"comment_status":"open","ping_status":"open","sticky":false,"template":"","format":"standard","meta":{"footnotes":"","_links_to":"","_links_to_target":""},"categories":[1],"tags":[],"class_list":["post-3405","post","type-post","status-publish","format-standard","hentry","category-haberler"],"_links":{"self":[{"href":"https:\/\/www.abchukuk.com\/index.php\/wp-json\/wp\/v2\/posts\/3405","targetHints":{"allow":["GET"]}}],"collection":[{"href":"https:\/\/www.abchukuk.com\/index.php\/wp-json\/wp\/v2\/posts"}],"about":[{"href":"https:\/\/www.abchukuk.com\/index.php\/wp-json\/wp\/v2\/types\/post"}],"author":[{"embeddable":true,"href":"https:\/\/www.abchukuk.com\/index.php\/wp-json\/wp\/v2\/users\/1"}],"replies":[{"embeddable":true,"href":"https:\/\/www.abchukuk.com\/index.php\/wp-json\/wp\/v2\/comments?post=3405"}],"version-history":[{"count":0,"href":"https:\/\/www.abchukuk.com\/index.php\/wp-json\/wp\/v2\/posts\/3405\/revisions"}],"wp:attachment":[{"href":"https:\/\/www.abchukuk.com\/index.php\/wp-json\/wp\/v2\/media?parent=3405"}],"wp:term":[{"taxonomy":"category","embeddable":true,"href":"https:\/\/www.abchukuk.com\/index.php\/wp-json\/wp\/v2\/categories?post=3405"},{"taxonomy":"post_tag","embeddable":true,"href":"https:\/\/www.abchukuk.com\/index.php\/wp-json\/wp\/v2\/tags?post=3405"}],"curies":[{"name":"wp","href":"https:\/\/api.w.org\/{rel}","templated":true}]}}