{"id":3388,"date":"2025-09-04T21:14:24","date_gmt":"2025-09-04T21:14:24","guid":{"rendered":"http:\/\/www.lopsssdoner.com\/index.php\/2025\/09\/04\/beykoz-belediye-baskani-alaattin-koseler-tahliye-edildi\/"},"modified":"2025-09-04T21:14:24","modified_gmt":"2025-09-04T21:14:24","slug":"beykoz-belediye-baskani-alaattin-koseler-tahliye-edildi","status":"publish","type":"post","link":"https:\/\/www.abchukuk.com\/index.php\/2025\/09\/04\/beykoz-belediye-baskani-alaattin-koseler-tahliye-edildi\/","title":{"rendered":"Beykoz Belediye Ba\u015fkan\u0131 Alaattin K\u00f6seler tahliye edildi"},"content":{"rendered":"<p>Beykoz Belediye Ba\u015fkan\u0131 Alaattin K\u00f6seler\u2019in de aralar\u0131nda bulundu\u011fu 13 tutuklu san\u0131k, Beykoz Belediyesi davas\u0131n\u0131n ilk duru\u015fmas\u0131nda tahliye edildi. Mahkeme, ara karar\u0131n\u0131 a\u00e7\u0131klayarak san\u0131klar\u0131n serbest b\u0131rak\u0131lmas\u0131na h\u00fckmetti.Beykoz Belediye Ba\u015fkan\u0131 Alaattin K\u00f6seler\u2019in de aralar\u0131nda bulundu\u011fu 13 tutuklu san\u0131k, Beykoz Belediyesi davas\u0131n\u0131n ilk duru\u015fmas\u0131nda tahliye edildi. Mahkeme, ara karar\u0131n\u0131 a\u00e7\u0131klayarak san\u0131klar\u0131n serbest b\u0131rak\u0131lmas\u0131na h\u00fckmetti.\u00a0<a href=\"https:\/\/anlatilaninotesi.com.tr\/20250905\/beykoz-belediye-baskani-alaattin-koseler-tahliye-edildi-1099118510.html\" target=\"_blank\" class=\"feedzy-rss-link-icon\">Read More<\/a><\/p>","protected":false},"excerpt":{"rendered":"<p>Beykoz Belediye Ba\u015fkan\u0131 Alaattin K\u00f6seler\u2019in de aralar\u0131nda bulundu\u011fu 13 tutuklu san\u0131k, Beykoz Belediyesi davas\u0131n\u0131n ilk duru\u015fmas\u0131nda tahliye edildi. Mahkeme, ara karar\u0131n\u0131 a\u00e7\u0131klayarak san\u0131klar\u0131n serbest b\u0131rak\u0131lmas\u0131na h\u00fckmetti.Beykoz Belediye Ba\u015fkan\u0131 Alaattin K\u00f6seler\u2019in de aralar\u0131nda bulundu\u011fu 13 tutuklu san\u0131k, Beykoz Belediyesi davas\u0131n\u0131n ilk duru\u015fmas\u0131nda tahliye edildi. Mahkeme, ara karar\u0131n\u0131 a\u00e7\u0131klayarak san\u0131klar\u0131n serbest b\u0131rak\u0131lmas\u0131na h\u00fckmetti.\u00a0Read More<\/p>\n","protected":false},"author":1,"featured_media":0,"comment_status":"open","ping_status":"open","sticky":false,"template":"","format":"standard","meta":{"footnotes":"","_links_to":"","_links_to_target":""},"categories":[1],"tags":[],"class_list":["post-3388","post","type-post","status-publish","format-standard","hentry","category-haberler"],"_links":{"self":[{"href":"https:\/\/www.abchukuk.com\/index.php\/wp-json\/wp\/v2\/posts\/3388","targetHints":{"allow":["GET"]}}],"collection":[{"href":"https:\/\/www.abchukuk.com\/index.php\/wp-json\/wp\/v2\/posts"}],"about":[{"href":"https:\/\/www.abchukuk.com\/index.php\/wp-json\/wp\/v2\/types\/post"}],"author":[{"embeddable":true,"href":"https:\/\/www.abchukuk.com\/index.php\/wp-json\/wp\/v2\/users\/1"}],"replies":[{"embeddable":true,"href":"https:\/\/www.abchukuk.com\/index.php\/wp-json\/wp\/v2\/comments?post=3388"}],"version-history":[{"count":0,"href":"https:\/\/www.abchukuk.com\/index.php\/wp-json\/wp\/v2\/posts\/3388\/revisions"}],"wp:attachment":[{"href":"https:\/\/www.abchukuk.com\/index.php\/wp-json\/wp\/v2\/media?parent=3388"}],"wp:term":[{"taxonomy":"category","embeddable":true,"href":"https:\/\/www.abchukuk.com\/index.php\/wp-json\/wp\/v2\/categories?post=3388"},{"taxonomy":"post_tag","embeddable":true,"href":"https:\/\/www.abchukuk.com\/index.php\/wp-json\/wp\/v2\/tags?post=3388"}],"curies":[{"name":"wp","href":"https:\/\/api.w.org\/{rel}","templated":true}]}}