{"id":33870,"date":"2026-06-20T19:10:36","date_gmt":"2026-06-20T19:10:36","guid":{"rendered":"https:\/\/www.abchukuk.com\/index.php\/2026\/06\/20\/adalet-bakani-akin-gurlek-genc-hukukculara-sosyal-medya-uyarisi-yapti\/"},"modified":"2026-06-20T19:10:36","modified_gmt":"2026-06-20T19:10:36","slug":"adalet-bakani-akin-gurlek-genc-hukukculara-sosyal-medya-uyarisi-yapti","status":"publish","type":"post","link":"https:\/\/www.abchukuk.com\/index.php\/2026\/06\/20\/adalet-bakani-akin-gurlek-genc-hukukculara-sosyal-medya-uyarisi-yapti\/","title":{"rendered":"Adalet Bakan\u0131 Ak\u0131n G\u00fcrlek gen\u00e7 hukuk\u00e7ulara sosyal medya uyar\u0131s\u0131 yapt\u0131"},"content":{"rendered":"<p>\u00a0<\/p>\n<p><strong>SON.TV \/ R\u0130ZE<\/strong><\/p>\n<p><strong>Adalet Bakan\u0131 Ak\u0131n G\u00fcrlek, Rize<\/strong> program\u0131 kapsam\u0131nda <strong>Recep Tayyip Erdo\u011fan \u00dcniversites<\/strong>inde hukuk e\u011fitimi alan \u00f6\u011frencilerle bulu\u015ftu. Gen\u00e7 hukuk\u00e7ularla samimi bir sohbet ger\u00e7ekle\u015ftiren <strong>G\u00fcrlek<\/strong>, hukuk e\u011fitiminin yaln\u0131zca teorik bilgilerle s\u0131n\u0131rl\u0131 kalmamas\u0131 gerekti\u011fini belirterek \u00f6\u011frencilerin e\u011fitim s\u00fcre\u00e7lerinde uygulama tecr\u00fcbesi kazanmalar\u0131n\u0131n \u00f6nemine vurgu yapt\u0131.<\/p>\n<p><strong>HUKUK E\u011e\u0130T\u0130M\u0130NDE UYGULAMA VURGUSU<\/strong><\/p>\n<p>\u00d6\u011frencilerle bir araya gelen <strong>Bakan G\u00fcrlek<\/strong>, adalet hizmetlerinin geli\u015ftirilmesi, yarg\u0131n\u0131n kurumsal kapasitesinin g\u00fc\u00e7lendirilmesi ve hukuk mesle\u011finin gelece\u011fi hakk\u0131nda de\u011ferlendirmelerde bulundu.<\/p>\n<p>Hukuk fak\u00fcltesi \u00f6\u011frencilerinin hen\u00fcz e\u011fitim hayatlar\u0131 devam ederken adliyelerde y\u00fcr\u00fct\u00fclen \u00e7al\u0131\u015fmalar\u0131 yak\u0131ndan g\u00f6rmelerinin \u00f6nemli oldu\u011funu ifade eden <strong>G\u00fcrlek<\/strong>, teorik bilginin uygulamayla desteklenmesinin mesleki geli\u015fime b\u00fcy\u00fck katk\u0131 sa\u011flayaca\u011f\u0131n\u0131 s\u00f6yledi.<\/p>\n<p><strong>SOSYAL MEDYADA DEZENFORMASYON UYARISI<\/strong><\/p>\n<p>Bulu\u015fmada sosyal medyan\u0131n etkisine de de\u011finen <strong>Adalet<\/strong> <strong>Bakan\u0131 G\u00fcrlek<\/strong>, \u00f6zellikle dijital mecralarda yay\u0131lan bilgi kirlili\u011fine kar\u015f\u0131 dikkatli olunmas\u0131 gerekti\u011fini belirtti.<\/p>\n<p>Gen\u00e7 hukuk\u00e7ulara seslenen <strong>G\u00fcrlek, \u201cGen\u00e7 hukuk\u00e7u adaylar\u0131m\u0131zla; adalet hizmetlerinin g\u00fc\u00e7lendirilmesinden sosyal medyada \u00fcretilen dezenformasyonla m\u00fccadeleye kadar pek \u00e7ok ba\u015fl\u0131kta hedeflerimizi payla\u015ft\u0131k\u201d<\/strong> ifadelerini kulland\u0131.<\/p>\n<p><strong>\u201cADALET DUYGUSU SARSILMAZ NES\u0130LLER YET\u0130\u015e\u0130YOR\u201d<\/strong><\/p>\n<p><strong>T\u00fcrkiye\u2019<\/strong>nin gelece\u011finde gen\u00e7 hukuk\u00e7ular\u0131n \u00f6nemli roller \u00fcstlenece\u011fini belirten <strong>G\u00fcrlek<\/strong>, adalet duygusu g\u00fc\u00e7l\u00fc, donan\u0131ml\u0131 ve vizyon sahibi hukuk\u00e7ular\u0131n yeti\u015fmesinin b\u00fcy\u00fck \u00f6nem ta\u015f\u0131d\u0131\u011f\u0131n\u0131 vurgulad\u0131.<\/p>\n<p>H\u00e2kim, savc\u0131 ve avukat adaylar\u0131na ba\u015far\u0131 dileklerini ileten<strong> G\u00fcrlek, \u201cAdalet duygusu sars\u0131lmaz, vizyoner ve donan\u0131ml\u0131 gen\u00e7 hukuk\u00e7ular\u0131m\u0131z\u0131n \u00fclkemizin gelece\u011finde \u00e7ok b\u00fcy\u00fck sorumluluklar \u00fcstlenece\u011fine y\u00fcrekten inan\u0131yorum. H\u00e2kim, savc\u0131 veya avukat olarak adaletin tecellisine omuz verecek t\u00fcm gen\u00e7 meslekta\u015f adaylar\u0131m\u0131za e\u011fitim hayatlar\u0131nda ve meslek yolculuklar\u0131nda ba\u015far\u0131lar diliyorum. Yolunuz, baht\u0131n\u0131z daima a\u00e7\u0131k olsun\u201d<\/strong> dedi.<\/p>\n<p><strong>GEN\u00c7LER\u0130N SORULARINI YANITLADI<\/strong><\/p>\n<p>Program boyunca \u00f6\u011frencilerin sorular\u0131n\u0131 da yan\u0131tlayan <strong>Bakan G\u00fcrlek,<\/strong> yarg\u0131 te\u015fkilat\u0131nda y\u00fcr\u00fct\u00fclen \u00e7al\u0131\u015fmalar, adalet hizmetlerinin etkinli\u011fini art\u0131rmaya y\u00f6nelik projeler ve hukuk mesle\u011finin gelece\u011fine ili\u015fkin g\u00f6r\u00fc\u015flerini payla\u015ft\u0131. Bulu\u015fma, \u00f6\u011frencilerle \u00e7ekilen hat\u0131ra foto\u011fraflar\u0131n\u0131n ard\u0131ndan sona erdi.<\/p>\n<p><strong>ET\u0130KETLER: #Ak\u0131nG\u00fcrlek #AdaletBakanl\u0131\u011f\u0131 #RecepTayyipErdo\u011fan\u00dcniversitesi #HukukFak\u00fcltesi #Gen\u00e7Hukuk\u00e7ular #Dezenformasyon #SosyalMedya #Rize<\/strong><\/p>\n<p>Adalet Bakan\u0131 Ak\u0131n G\u00fcrlek, Recep Tayyip Erdo\u011fan \u00dcniversitesi Hukuk Fak\u00fcltesi \u00f6\u011frencileriyle bir araya geldi. Hukuk e\u011fitiminde uygulaman\u0131n \u00f6nemine dikkat \u00e7eken G\u00fcrlek, sosyal medyada \u00fcretilen dezenformasyona kar\u015f\u0131 gen\u00e7 hukuk\u00e7ular\u0131 uyard\u0131.\u00a0<a href=\"https:\/\/www.son.tv\/adalet-bakani-akin-gurlekten-genc-hukukculara-sosyal-medya-uyarisi-yapti\/\" target=\"_blank\" class=\"feedzy-rss-link-icon\">Read More<\/a><\/p>","protected":false},"excerpt":{"rendered":"<p>\u00a0 SON.TV \/ R\u0130ZE Adalet Bakan\u0131 Ak\u0131n G\u00fcrlek, Rize program\u0131 kapsam\u0131nda Recep Tayyip Erdo\u011fan \u00dcniversitesinde hukuk e\u011fitimi alan \u00f6\u011frencilerle bulu\u015ftu. Gen\u00e7 hukuk\u00e7ularla samimi bir sohbet ger\u00e7ekle\u015ftiren G\u00fcrlek, hukuk e\u011fitiminin yaln\u0131zca teorik bilgilerle s\u0131n\u0131rl\u0131 kalmamas\u0131 gerekti\u011fini belirterek \u00f6\u011frencilerin e\u011fitim s\u00fcre\u00e7lerinde uygulama tecr\u00fcbesi kazanmalar\u0131n\u0131n \u00f6nemine vurgu yapt\u0131. HUKUK E\u011e\u0130T\u0130M\u0130NDE UYGULAMA VURGUSU \u00d6\u011frencilerle bir araya gelen Bakan G\u00fcrlek, [&hellip;]<\/p>\n","protected":false},"author":1,"featured_media":0,"comment_status":"open","ping_status":"open","sticky":false,"template":"","format":"standard","meta":{"footnotes":"","_links_to":"","_links_to_target":""},"categories":[1],"tags":[],"class_list":["post-33870","post","type-post","status-publish","format-standard","hentry","category-haberler"],"_links":{"self":[{"href":"https:\/\/www.abchukuk.com\/index.php\/wp-json\/wp\/v2\/posts\/33870","targetHints":{"allow":["GET"]}}],"collection":[{"href":"https:\/\/www.abchukuk.com\/index.php\/wp-json\/wp\/v2\/posts"}],"about":[{"href":"https:\/\/www.abchukuk.com\/index.php\/wp-json\/wp\/v2\/types\/post"}],"author":[{"embeddable":true,"href":"https:\/\/www.abchukuk.com\/index.php\/wp-json\/wp\/v2\/users\/1"}],"replies":[{"embeddable":true,"href":"https:\/\/www.abchukuk.com\/index.php\/wp-json\/wp\/v2\/comments?post=33870"}],"version-history":[{"count":0,"href":"https:\/\/www.abchukuk.com\/index.php\/wp-json\/wp\/v2\/posts\/33870\/revisions"}],"wp:attachment":[{"href":"https:\/\/www.abchukuk.com\/index.php\/wp-json\/wp\/v2\/media?parent=33870"}],"wp:term":[{"taxonomy":"category","embeddable":true,"href":"https:\/\/www.abchukuk.com\/index.php\/wp-json\/wp\/v2\/categories?post=33870"},{"taxonomy":"post_tag","embeddable":true,"href":"https:\/\/www.abchukuk.com\/index.php\/wp-json\/wp\/v2\/tags?post=33870"}],"curies":[{"name":"wp","href":"https:\/\/api.w.org\/{rel}","templated":true}]}}