{"id":3385,"date":"2025-09-04T21:29:00","date_gmt":"2025-09-04T21:29:00","guid":{"rendered":"http:\/\/www.lopsssdoner.com\/index.php\/2025\/09\/04\/chp-grup-baskanvekili-murat-emirden-sert-aciklama-chp-mahkemelerin-a4-kagitlariyla-degil-delegelerinin-ve-uyelerinin-iradesiyle-yol-alir\/"},"modified":"2025-09-04T21:29:00","modified_gmt":"2025-09-04T21:29:00","slug":"chp-grup-baskanvekili-murat-emirden-sert-aciklama-chp-mahkemelerin-a4-kagitlariyla-degil-delegelerinin-ve-uyelerinin-iradesiyle-yol-alir","status":"publish","type":"post","link":"https:\/\/www.abchukuk.com\/index.php\/2025\/09\/04\/chp-grup-baskanvekili-murat-emirden-sert-aciklama-chp-mahkemelerin-a4-kagitlariyla-degil-delegelerinin-ve-uyelerinin-iradesiyle-yol-alir\/","title":{"rendered":"CHP Grup Ba\u015fkanvekili Murat Emir\u2019den sert a\u00e7\u0131klama: \u2018CHP, mahkemelerin A4 k\u00e2\u011f\u0131tlar\u0131yla de\u011fil, delegelerinin ve \u00fcyelerinin iradesiyle yol al\u0131r\u2019"},"content":{"rendered":"<p>CHP Grup Ba\u015fkanvekili Murat Emir, \u0130stanbul \u0130l Ba\u015fkanl\u0131\u011f\u0131\u2019na kayyum atanmas\u0131na tepki g\u00f6sterdi. Emir, \u2018CHP\u2019nin rotas\u0131n\u0131 mahkeme k\u00e2\u011f\u0131tlar\u0131 de\u011fil, delegelerin iradesi belirler\u2019 dedi.CHP Grup Ba\u015fkanvekili Murat Emir, \u0130stanbul \u0130l Ba\u015fkanl\u0131\u011f\u0131\u2019na kayyum atanmas\u0131na tepki g\u00f6sterdi. Emir, \u2018CHP\u2019nin rotas\u0131n\u0131 mahkeme k\u00e2\u011f\u0131tlar\u0131 de\u011fil, delegelerin iradesi belirler\u2019 dedi.\u00a0<a href=\"https:\/\/www.cumhuriyet.com.tr\/turkiye\/chp-grup-baskanvekili-murat-emir-den-sert-aciklama-chp-mahkemelerin-a4-kagitlariyla-degil-delegelerinin-ve-uyelerinin-iradesiyle-yol-alir-2432397\" target=\"_blank\" class=\"feedzy-rss-link-icon\">Read More<\/a><\/p>","protected":false},"excerpt":{"rendered":"<p>CHP Grup Ba\u015fkanvekili Murat Emir, \u0130stanbul \u0130l Ba\u015fkanl\u0131\u011f\u0131\u2019na kayyum atanmas\u0131na tepki g\u00f6sterdi. Emir, \u2018CHP\u2019nin rotas\u0131n\u0131 mahkeme k\u00e2\u011f\u0131tlar\u0131 de\u011fil, delegelerin iradesi belirler\u2019 dedi.CHP Grup Ba\u015fkanvekili Murat Emir, \u0130stanbul \u0130l Ba\u015fkanl\u0131\u011f\u0131\u2019na kayyum atanmas\u0131na tepki g\u00f6sterdi. Emir, \u2018CHP\u2019nin rotas\u0131n\u0131 mahkeme k\u00e2\u011f\u0131tlar\u0131 de\u011fil, delegelerin iradesi belirler\u2019 dedi.\u00a0Read More<\/p>\n","protected":false},"author":1,"featured_media":3386,"comment_status":"open","ping_status":"open","sticky":false,"template":"","format":"standard","meta":{"footnotes":"","_links_to":"","_links_to_target":""},"categories":[1],"tags":[],"class_list":["post-3385","post","type-post","status-publish","format-standard","has-post-thumbnail","hentry","category-haberler"],"_links":{"self":[{"href":"https:\/\/www.abchukuk.com\/index.php\/wp-json\/wp\/v2\/posts\/3385","targetHints":{"allow":["GET"]}}],"collection":[{"href":"https:\/\/www.abchukuk.com\/index.php\/wp-json\/wp\/v2\/posts"}],"about":[{"href":"https:\/\/www.abchukuk.com\/index.php\/wp-json\/wp\/v2\/types\/post"}],"author":[{"embeddable":true,"href":"https:\/\/www.abchukuk.com\/index.php\/wp-json\/wp\/v2\/users\/1"}],"replies":[{"embeddable":true,"href":"https:\/\/www.abchukuk.com\/index.php\/wp-json\/wp\/v2\/comments?post=3385"}],"version-history":[{"count":0,"href":"https:\/\/www.abchukuk.com\/index.php\/wp-json\/wp\/v2\/posts\/3385\/revisions"}],"wp:featuredmedia":[{"embeddable":true,"href":"https:\/\/www.abchukuk.com\/index.php\/wp-json\/wp\/v2\/media\/3386"}],"wp:attachment":[{"href":"https:\/\/www.abchukuk.com\/index.php\/wp-json\/wp\/v2\/media?parent=3385"}],"wp:term":[{"taxonomy":"category","embeddable":true,"href":"https:\/\/www.abchukuk.com\/index.php\/wp-json\/wp\/v2\/categories?post=3385"},{"taxonomy":"post_tag","embeddable":true,"href":"https:\/\/www.abchukuk.com\/index.php\/wp-json\/wp\/v2\/tags?post=3385"}],"curies":[{"name":"wp","href":"https:\/\/api.w.org\/{rel}","templated":true}]}}