{"id":3383,"date":"2025-09-04T17:29:35","date_gmt":"2025-09-04T17:29:35","guid":{"rendered":"http:\/\/www.lopsssdoner.com\/index.php\/2025\/09\/04\/16-yasindaki-guldeni-30-bicak-darbesiyle-katlesmisti-mahkeme-salonu-o-ifadelerle-buz-kesti\/"},"modified":"2025-09-04T17:29:35","modified_gmt":"2025-09-04T17:29:35","slug":"16-yasindaki-guldeni-30-bicak-darbesiyle-katlesmisti-mahkeme-salonu-o-ifadelerle-buz-kesti","status":"publish","type":"post","link":"https:\/\/www.abchukuk.com\/index.php\/2025\/09\/04\/16-yasindaki-guldeni-30-bicak-darbesiyle-katlesmisti-mahkeme-salonu-o-ifadelerle-buz-kesti\/","title":{"rendered":"16 Ya\u015f\u0131ndaki G\u00fclden&#8217;i 30 B\u0131\u00e7ak Darbesiyle Katle\u015fmi\u015fti: Mahkeme Salonu O \u0130fadelerle Buz Kesti"},"content":{"rendered":"<p><a href=\"https:\/\/www.gercekgundem.com\/guncel\/16-yasindaki-guldeni-30-bicak-darbesiyle-katlesmisti-mahkeme-salonu-o-ifadelerle-buz-kesti-554004\"><br \/>\n                                                            <img decoding=\"async\" src=\"https:\/\/i.gercekgundem.com\/2\/150\/84\/storage\/files\/images\/2025\/09\/04\/16-yasindaki-guldeni-30-bicak-darbesiyle-katlesmisti-mahkeme-salonu-o-ifadelerle-buz-kesti-ukbh.png\" width=\"150\" height=\"84\" border=\"0\" align=\"right\" \/><br \/>\n                                                    <\/a><\/p>\n<h4>Edirne&#8217;de 16 ya\u015f\u0131ndaki G\u00fclden Coni&#8217;yi b\u0131\u00e7aklayarak katleden E.A.&#8217;n\u0131n duru\u015ftmada verdi\u011fi yan\u0131t kan dondurdu.<\/h4>\n<p>Edirne&#8217;de 16 ya\u015f\u0131ndaki G\u00fclden Coni&#8217;yi b\u0131\u00e7aklayarak katleden E.A.&#8217;n\u0131n duru\u015ftmada verdi\u011fi yan\u0131t kan dondurdu.\u00a0<a href=\"https:\/\/www.gercekgundem.com\/guncel\/16-yasindaki-guldeni-30-bicak-darbesiyle-katlesmisti-mahkeme-salonu-o-ifadelerle-buz-kesti-554004\" target=\"_blank\" class=\"feedzy-rss-link-icon\">Read More<\/a><\/p>","protected":false},"excerpt":{"rendered":"<p>Edirne&#8217;de 16 ya\u015f\u0131ndaki G\u00fclden Coni&#8217;yi b\u0131\u00e7aklayarak katleden E.A.&#8217;n\u0131n duru\u015ftmada verdi\u011fi yan\u0131t kan dondurdu. Edirne&#8217;de 16 ya\u015f\u0131ndaki G\u00fclden Coni&#8217;yi b\u0131\u00e7aklayarak katleden E.A.&#8217;n\u0131n duru\u015ftmada verdi\u011fi yan\u0131t kan dondurdu.\u00a0Read More<\/p>\n","protected":false},"author":1,"featured_media":3384,"comment_status":"open","ping_status":"open","sticky":false,"template":"","format":"standard","meta":{"footnotes":"","_links_to":"","_links_to_target":""},"categories":[1],"tags":[],"class_list":["post-3383","post","type-post","status-publish","format-standard","has-post-thumbnail","hentry","category-haberler"],"_links":{"self":[{"href":"https:\/\/www.abchukuk.com\/index.php\/wp-json\/wp\/v2\/posts\/3383","targetHints":{"allow":["GET"]}}],"collection":[{"href":"https:\/\/www.abchukuk.com\/index.php\/wp-json\/wp\/v2\/posts"}],"about":[{"href":"https:\/\/www.abchukuk.com\/index.php\/wp-json\/wp\/v2\/types\/post"}],"author":[{"embeddable":true,"href":"https:\/\/www.abchukuk.com\/index.php\/wp-json\/wp\/v2\/users\/1"}],"replies":[{"embeddable":true,"href":"https:\/\/www.abchukuk.com\/index.php\/wp-json\/wp\/v2\/comments?post=3383"}],"version-history":[{"count":0,"href":"https:\/\/www.abchukuk.com\/index.php\/wp-json\/wp\/v2\/posts\/3383\/revisions"}],"wp:featuredmedia":[{"embeddable":true,"href":"https:\/\/www.abchukuk.com\/index.php\/wp-json\/wp\/v2\/media\/3384"}],"wp:attachment":[{"href":"https:\/\/www.abchukuk.com\/index.php\/wp-json\/wp\/v2\/media?parent=3383"}],"wp:term":[{"taxonomy":"category","embeddable":true,"href":"https:\/\/www.abchukuk.com\/index.php\/wp-json\/wp\/v2\/categories?post=3383"},{"taxonomy":"post_tag","embeddable":true,"href":"https:\/\/www.abchukuk.com\/index.php\/wp-json\/wp\/v2\/tags?post=3383"}],"curies":[{"name":"wp","href":"https:\/\/api.w.org\/{rel}","templated":true}]}}