{"id":3381,"date":"2025-09-04T17:35:00","date_gmt":"2025-09-04T17:35:00","guid":{"rendered":"http:\/\/www.lopsssdoner.com\/index.php\/2025\/09\/04\/999-kisinin-tavuk-donerden-zehirlenmesine-iliskin-yargilanan-2-saniga-tahliye\/"},"modified":"2025-09-04T17:35:00","modified_gmt":"2025-09-04T17:35:00","slug":"999-kisinin-tavuk-donerden-zehirlenmesine-iliskin-yargilanan-2-saniga-tahliye","status":"publish","type":"post","link":"https:\/\/www.abchukuk.com\/index.php\/2025\/09\/04\/999-kisinin-tavuk-donerden-zehirlenmesine-iliskin-yargilanan-2-saniga-tahliye\/","title":{"rendered":"999 ki\u015finin tavuk d\u00f6nerden zehirlenmesine ili\u015fkin yarg\u0131lanan 2 san\u0131\u011fa tahliye"},"content":{"rendered":"<p>Kocaeli\u2019nin K\u00f6rfez il\u00e7esinde 999 ki\u015finin tavuk d\u00f6nerden zehirlenmesine ili\u015fkin tutuklanan i\u015fletmeci E.T. (35) ve d\u00f6ner ustas\u0131 K.Y. (36), yarg\u0131land\u0131klar\u0131 davan\u0131n 2\u2019nci duru\u015fmas\u0131nda adli kontrol \u015fart\u0131yla tahliye edildi.Kocaeli\u2019nin K\u00f6rfez il\u00e7esinde 999 ki\u015finin tavuk d\u00f6nerden zehirlenmesine ili\u015fkin tutuklanan i\u015fletmeci E.T. (35) ve d\u00f6ner ustas\u0131 K.Y. (36), yarg\u0131land\u0131klar\u0131 davan\u0131n 2\u2019nci duru\u015fmas\u0131nda adli kontrol \u015fart\u0131yla tahliye edildi.\u00a0<a href=\"https:\/\/www.cumhuriyet.com.tr\/turkiye\/999-kisinin-tavuk-donerden-zehirlenmesine-iliskin-yargilanan-2-saniga-tahilye-2432346\" target=\"_blank\" class=\"feedzy-rss-link-icon\">Read More<\/a><\/p>","protected":false},"excerpt":{"rendered":"<p>Kocaeli\u2019nin K\u00f6rfez il\u00e7esinde 999 ki\u015finin tavuk d\u00f6nerden zehirlenmesine ili\u015fkin tutuklanan i\u015fletmeci E.T. (35) ve d\u00f6ner ustas\u0131 K.Y. (36), yarg\u0131land\u0131klar\u0131 davan\u0131n 2\u2019nci duru\u015fmas\u0131nda adli kontrol \u015fart\u0131yla tahliye edildi.Kocaeli\u2019nin K\u00f6rfez il\u00e7esinde 999 ki\u015finin tavuk d\u00f6nerden zehirlenmesine ili\u015fkin tutuklanan i\u015fletmeci E.T. (35) ve d\u00f6ner ustas\u0131 K.Y. (36), yarg\u0131land\u0131klar\u0131 davan\u0131n 2\u2019nci duru\u015fmas\u0131nda adli kontrol \u015fart\u0131yla tahliye edildi.\u00a0Read More<\/p>\n","protected":false},"author":1,"featured_media":3382,"comment_status":"open","ping_status":"open","sticky":false,"template":"","format":"standard","meta":{"footnotes":"","_links_to":"","_links_to_target":""},"categories":[1],"tags":[],"class_list":["post-3381","post","type-post","status-publish","format-standard","has-post-thumbnail","hentry","category-haberler"],"_links":{"self":[{"href":"https:\/\/www.abchukuk.com\/index.php\/wp-json\/wp\/v2\/posts\/3381","targetHints":{"allow":["GET"]}}],"collection":[{"href":"https:\/\/www.abchukuk.com\/index.php\/wp-json\/wp\/v2\/posts"}],"about":[{"href":"https:\/\/www.abchukuk.com\/index.php\/wp-json\/wp\/v2\/types\/post"}],"author":[{"embeddable":true,"href":"https:\/\/www.abchukuk.com\/index.php\/wp-json\/wp\/v2\/users\/1"}],"replies":[{"embeddable":true,"href":"https:\/\/www.abchukuk.com\/index.php\/wp-json\/wp\/v2\/comments?post=3381"}],"version-history":[{"count":0,"href":"https:\/\/www.abchukuk.com\/index.php\/wp-json\/wp\/v2\/posts\/3381\/revisions"}],"wp:featuredmedia":[{"embeddable":true,"href":"https:\/\/www.abchukuk.com\/index.php\/wp-json\/wp\/v2\/media\/3382"}],"wp:attachment":[{"href":"https:\/\/www.abchukuk.com\/index.php\/wp-json\/wp\/v2\/media?parent=3381"}],"wp:term":[{"taxonomy":"category","embeddable":true,"href":"https:\/\/www.abchukuk.com\/index.php\/wp-json\/wp\/v2\/categories?post=3381"},{"taxonomy":"post_tag","embeddable":true,"href":"https:\/\/www.abchukuk.com\/index.php\/wp-json\/wp\/v2\/tags?post=3381"}],"curies":[{"name":"wp","href":"https:\/\/api.w.org\/{rel}","templated":true}]}}