{"id":3377,"date":"2025-09-04T14:53:00","date_gmt":"2025-09-04T14:53:00","guid":{"rendered":"http:\/\/www.lopsssdoner.com\/index.php\/2025\/09\/04\/trump-acikladi-washingtonda-3-haftada-1600den-fazla-kisi-gozaltina-alindi\/"},"modified":"2025-09-04T14:53:00","modified_gmt":"2025-09-04T14:53:00","slug":"trump-acikladi-washingtonda-3-haftada-1600den-fazla-kisi-gozaltina-alindi","status":"publish","type":"post","link":"https:\/\/www.abchukuk.com\/index.php\/2025\/09\/04\/trump-acikladi-washingtonda-3-haftada-1600den-fazla-kisi-gozaltina-alindi\/","title":{"rendered":"Trump a\u00e7\u0131klad\u0131: Washington&#8217;da 3 haftada 1600&#8217;den fazla ki\u015fi g\u00f6zalt\u0131na al\u0131nd\u0131"},"content":{"rendered":"<p>ABD Ba\u015fkan\u0131 Donald Trump, ba\u015fkent Washington&#8217;da 3 hafta i\u00e7inde 1669 ki\u015finin g\u00f6zalt\u0131na al\u0131nd\u0131\u011f\u0131n\u0131 duyurdu. Trump, g\u00f6zalt\u0131na al\u0131nan ki\u015filerin 700&#8217;den fazlas\u0131n\u0131n d\u00fczensiz g\u00f6\u00e7men oldu\u011funu da ifade etti.ABD Ba\u015fkan\u0131 Donald Trump, ba\u015fkent Washington&#8217;da 3 hafta i\u00e7inde 1669 ki\u015finin g\u00f6zalt\u0131na al\u0131nd\u0131\u011f\u0131n\u0131 duyurdu. Trump, g\u00f6zalt\u0131na al\u0131nan ki\u015filerin 700&#8217;den fazlas\u0131n\u0131n d\u00fczensiz g\u00f6\u00e7men oldu\u011funu da ifade etti.\u00a0<a href=\"https:\/\/www.dunya.com\/dunya\/trump-acikladi-washingtonda-3-haftada-1600den-fazla-kisi-gozaltina-alindi-haberi-792685\" target=\"_blank\" class=\"feedzy-rss-link-icon\">Read More<\/a><\/p>","protected":false},"excerpt":{"rendered":"<p>ABD Ba\u015fkan\u0131 Donald Trump, ba\u015fkent Washington&#8217;da 3 hafta i\u00e7inde 1669 ki\u015finin g\u00f6zalt\u0131na al\u0131nd\u0131\u011f\u0131n\u0131 duyurdu. Trump, g\u00f6zalt\u0131na al\u0131nan ki\u015filerin 700&#8217;den fazlas\u0131n\u0131n d\u00fczensiz g\u00f6\u00e7men oldu\u011funu da ifade etti.ABD Ba\u015fkan\u0131 Donald Trump, ba\u015fkent Washington&#8217;da 3 hafta i\u00e7inde 1669 ki\u015finin g\u00f6zalt\u0131na al\u0131nd\u0131\u011f\u0131n\u0131 duyurdu. Trump, g\u00f6zalt\u0131na al\u0131nan ki\u015filerin 700&#8217;den fazlas\u0131n\u0131n d\u00fczensiz g\u00f6\u00e7men oldu\u011funu da ifade etti.\u00a0Read More<\/p>\n","protected":false},"author":1,"featured_media":3378,"comment_status":"open","ping_status":"open","sticky":false,"template":"","format":"standard","meta":{"footnotes":"","_links_to":"","_links_to_target":""},"categories":[1],"tags":[],"class_list":["post-3377","post","type-post","status-publish","format-standard","has-post-thumbnail","hentry","category-haberler"],"_links":{"self":[{"href":"https:\/\/www.abchukuk.com\/index.php\/wp-json\/wp\/v2\/posts\/3377","targetHints":{"allow":["GET"]}}],"collection":[{"href":"https:\/\/www.abchukuk.com\/index.php\/wp-json\/wp\/v2\/posts"}],"about":[{"href":"https:\/\/www.abchukuk.com\/index.php\/wp-json\/wp\/v2\/types\/post"}],"author":[{"embeddable":true,"href":"https:\/\/www.abchukuk.com\/index.php\/wp-json\/wp\/v2\/users\/1"}],"replies":[{"embeddable":true,"href":"https:\/\/www.abchukuk.com\/index.php\/wp-json\/wp\/v2\/comments?post=3377"}],"version-history":[{"count":0,"href":"https:\/\/www.abchukuk.com\/index.php\/wp-json\/wp\/v2\/posts\/3377\/revisions"}],"wp:featuredmedia":[{"embeddable":true,"href":"https:\/\/www.abchukuk.com\/index.php\/wp-json\/wp\/v2\/media\/3378"}],"wp:attachment":[{"href":"https:\/\/www.abchukuk.com\/index.php\/wp-json\/wp\/v2\/media?parent=3377"}],"wp:term":[{"taxonomy":"category","embeddable":true,"href":"https:\/\/www.abchukuk.com\/index.php\/wp-json\/wp\/v2\/categories?post=3377"},{"taxonomy":"post_tag","embeddable":true,"href":"https:\/\/www.abchukuk.com\/index.php\/wp-json\/wp\/v2\/tags?post=3377"}],"curies":[{"name":"wp","href":"https:\/\/api.w.org\/{rel}","templated":true}]}}