{"id":3372,"date":"2025-09-04T15:40:00","date_gmt":"2025-09-04T15:40:00","guid":{"rendered":"http:\/\/www.lopsssdoner.com\/index.php\/2025\/09\/04\/incelemeye-katilmadilar-imamogluna-avukat-atandi\/"},"modified":"2025-09-04T15:40:00","modified_gmt":"2025-09-04T15:40:00","slug":"incelemeye-katilmadilar-imamogluna-avukat-atandi","status":"publish","type":"post","link":"https:\/\/www.abchukuk.com\/index.php\/2025\/09\/04\/incelemeye-katilmadilar-imamogluna-avukat-atandi\/","title":{"rendered":"&#8216;\u0130ncelemeye&#8217; kat\u0131lmad\u0131lar: \u0130mamo\u011flu&#8217;na avukat atand\u0131!"},"content":{"rendered":"<p>CHP&#8217;nin tutuklu cumhurba\u015fkan\u0131 aday\u0131 Ekrem \u0130mamo\u011flu&#8217;nun avukatlar\u0131 avukatlar\u0131 &#8220;tutukluluk incelemesine&#8221; kat\u0131lmayacaklar\u0131n\u0131 bildirerek dilek\u00e7e verdi. Bunun \u00fczerine baronun g\u00f6revlendirdi\u011fi avukat\u0131n kat\u0131l\u0131m\u0131yla tutukluluk incelemesi tamamland\u0131.CHP&#8217;nin tutuklu cumhurba\u015fkan\u0131 aday\u0131 Ekrem \u0130mamo\u011flu&#8217;nun avukatlar\u0131 avukatlar\u0131 &#8220;tutukluluk incelemesine&#8221; kat\u0131lmayacaklar\u0131n\u0131 bildirerek dilek\u00e7e verdi. Bunun \u00fczerine baronun g\u00f6revlendirdi\u011fi avukat\u0131n kat\u0131l\u0131m\u0131yla tutukluluk incelemesi tamamland\u0131.\u00a0<a href=\"https:\/\/www.cumhuriyet.com.tr\/turkiye\/incelemeye-katilmadilar-imamoglu-na-avukat-atandi-2432332\" target=\"_blank\" class=\"feedzy-rss-link-icon\">Read More<\/a><\/p>","protected":false},"excerpt":{"rendered":"<p>CHP&#8217;nin tutuklu cumhurba\u015fkan\u0131 aday\u0131 Ekrem \u0130mamo\u011flu&#8217;nun avukatlar\u0131 avukatlar\u0131 &#8220;tutukluluk incelemesine&#8221; kat\u0131lmayacaklar\u0131n\u0131 bildirerek dilek\u00e7e verdi. Bunun \u00fczerine baronun g\u00f6revlendirdi\u011fi avukat\u0131n kat\u0131l\u0131m\u0131yla tutukluluk incelemesi tamamland\u0131.CHP&#8217;nin tutuklu cumhurba\u015fkan\u0131 aday\u0131 Ekrem \u0130mamo\u011flu&#8217;nun avukatlar\u0131 avukatlar\u0131 &#8220;tutukluluk incelemesine&#8221; kat\u0131lmayacaklar\u0131n\u0131 bildirerek dilek\u00e7e verdi. Bunun \u00fczerine baronun g\u00f6revlendirdi\u011fi avukat\u0131n kat\u0131l\u0131m\u0131yla tutukluluk incelemesi tamamland\u0131.\u00a0Read More<\/p>\n","protected":false},"author":1,"featured_media":3373,"comment_status":"open","ping_status":"open","sticky":false,"template":"","format":"standard","meta":{"footnotes":"","_links_to":"","_links_to_target":""},"categories":[1],"tags":[],"class_list":["post-3372","post","type-post","status-publish","format-standard","has-post-thumbnail","hentry","category-haberler"],"_links":{"self":[{"href":"https:\/\/www.abchukuk.com\/index.php\/wp-json\/wp\/v2\/posts\/3372","targetHints":{"allow":["GET"]}}],"collection":[{"href":"https:\/\/www.abchukuk.com\/index.php\/wp-json\/wp\/v2\/posts"}],"about":[{"href":"https:\/\/www.abchukuk.com\/index.php\/wp-json\/wp\/v2\/types\/post"}],"author":[{"embeddable":true,"href":"https:\/\/www.abchukuk.com\/index.php\/wp-json\/wp\/v2\/users\/1"}],"replies":[{"embeddable":true,"href":"https:\/\/www.abchukuk.com\/index.php\/wp-json\/wp\/v2\/comments?post=3372"}],"version-history":[{"count":0,"href":"https:\/\/www.abchukuk.com\/index.php\/wp-json\/wp\/v2\/posts\/3372\/revisions"}],"wp:featuredmedia":[{"embeddable":true,"href":"https:\/\/www.abchukuk.com\/index.php\/wp-json\/wp\/v2\/media\/3373"}],"wp:attachment":[{"href":"https:\/\/www.abchukuk.com\/index.php\/wp-json\/wp\/v2\/media?parent=3372"}],"wp:term":[{"taxonomy":"category","embeddable":true,"href":"https:\/\/www.abchukuk.com\/index.php\/wp-json\/wp\/v2\/categories?post=3372"},{"taxonomy":"post_tag","embeddable":true,"href":"https:\/\/www.abchukuk.com\/index.php\/wp-json\/wp\/v2\/tags?post=3372"}],"curies":[{"name":"wp","href":"https:\/\/api.w.org\/{rel}","templated":true}]}}