{"id":3371,"date":"2025-09-04T15:41:44","date_gmt":"2025-09-04T15:41:44","guid":{"rendered":"http:\/\/www.lopsssdoner.com\/index.php\/2025\/09\/04\/savci-katili-hakkinda-flas-gelisme\/"},"modified":"2025-09-04T15:41:44","modified_gmt":"2025-09-04T15:41:44","slug":"savci-katili-hakkinda-flas-gelisme","status":"publish","type":"post","link":"https:\/\/www.abchukuk.com\/index.php\/2025\/09\/04\/savci-katili-hakkinda-flas-gelisme\/","title":{"rendered":"Savc\u0131 katili hakk\u0131nda fla\u015f geli\u015fme!"},"content":{"rendered":"<p>\u0130stanbul \u00c7ekmek\u00f6y\u2019de bir restoranda d\u00fcn ak\u015fam saatlerinde \u0130stanbul Adliyesi\u2019nde g\u00f6revli Cumhuriyet Savc\u0131s\u0131 Ercan Kayhan\u2019\u0131n <a title=\"Ercan Kayhan Haberleri\" href=\"https:\/\/www.ekranhaber.com\/haberleri\/ercan-kayhan\" target=\"_blank\" rel=\"noopener\">n<\/a>bo\u011faz\u0131 kesilerek \u00f6ld\u00fcr\u00fclm\u00fc\u015ft\u00fc.<\/p>\n<p>Savc\u0131 Kayhan\u2019\u0131n katil zanl\u0131s\u0131 olay yerinde g\u00f6zalt\u0131na al\u0131nm\u0131\u015ft\u0131.<\/p>\n<p>Savc\u0131 Ercan Kayhan\u2019\u0131 \u00f6ld\u00fcren Mustafa Can G\u00fcl, \u00a0emniyetteki i\u015flemlerinin tamamlanmas\u0131 ard\u0131ndan adliyeye sevk edildi. \u015e\u00fcpheli, \u201ccanavarca hisle veya eziyet \u00e7ektirerek \u00f6ld\u00fcrme\u201d su\u00e7undan n\u00f6bet\u00e7i sulh ceza hakimli\u011fince tutukland\u0131.<\/p>\n<p>\u0130stanbul \u00c7ekmek\u00f6y\u2019de bir restoranda d\u00fcn ak\u015fam saatlerinde \u0130stanbul Adliyesi\u2019nde g\u00f6revli Cumhuriyet Savc\u0131s\u0131 Ercan Kayhan\u2019\u0131n nbo\u011faz\u0131 kesilerek \u00f6ld\u00fcr\u00fclm\u00fc\u015ft\u00fc. Savc\u0131 Kayhan\u2019\u0131n katil zanl\u0131s\u0131 olay yerinde g\u00f6zalt\u0131na al\u0131nm\u0131\u015ft\u0131. Savc\u0131 Ercan Kayhan\u2019\u0131 \u00f6ld\u00fcren Mustafa Can G\u00fcl, \u00a0emniyetteki i\u015flemlerinin tamamlanmas\u0131 ard\u0131ndan adliyeye sevk edildi. \u015e\u00fcpheli, \u201ccanavarca hisle veya eziyet \u00e7ektirerek \u00f6ld\u00fcrme\u201d su\u00e7undan n\u00f6bet\u00e7i sulh ceza hakimli\u011fince tutukland\u0131.\u00a0<a href=\"https:\/\/www.son.tv\/savci-katili-hakkinda-flas-gelisme\/\" target=\"_blank\" class=\"feedzy-rss-link-icon\">Read More<\/a><\/p>","protected":false},"excerpt":{"rendered":"<p>\u0130stanbul \u00c7ekmek\u00f6y\u2019de bir restoranda d\u00fcn ak\u015fam saatlerinde \u0130stanbul Adliyesi\u2019nde g\u00f6revli Cumhuriyet Savc\u0131s\u0131 Ercan Kayhan\u2019\u0131n nbo\u011faz\u0131 kesilerek \u00f6ld\u00fcr\u00fclm\u00fc\u015ft\u00fc. Savc\u0131 Kayhan\u2019\u0131n katil zanl\u0131s\u0131 olay yerinde g\u00f6zalt\u0131na al\u0131nm\u0131\u015ft\u0131. Savc\u0131 Ercan Kayhan\u2019\u0131 \u00f6ld\u00fcren Mustafa Can G\u00fcl, \u00a0emniyetteki i\u015flemlerinin tamamlanmas\u0131 ard\u0131ndan adliyeye sevk edildi. \u015e\u00fcpheli, \u201ccanavarca hisle veya eziyet \u00e7ektirerek \u00f6ld\u00fcrme\u201d su\u00e7undan n\u00f6bet\u00e7i sulh ceza hakimli\u011fince tutukland\u0131. \u0130stanbul \u00c7ekmek\u00f6y\u2019de bir [&hellip;]<\/p>\n","protected":false},"author":1,"featured_media":0,"comment_status":"open","ping_status":"open","sticky":false,"template":"","format":"standard","meta":{"footnotes":"","_links_to":"","_links_to_target":""},"categories":[1],"tags":[],"class_list":["post-3371","post","type-post","status-publish","format-standard","hentry","category-haberler"],"_links":{"self":[{"href":"https:\/\/www.abchukuk.com\/index.php\/wp-json\/wp\/v2\/posts\/3371","targetHints":{"allow":["GET"]}}],"collection":[{"href":"https:\/\/www.abchukuk.com\/index.php\/wp-json\/wp\/v2\/posts"}],"about":[{"href":"https:\/\/www.abchukuk.com\/index.php\/wp-json\/wp\/v2\/types\/post"}],"author":[{"embeddable":true,"href":"https:\/\/www.abchukuk.com\/index.php\/wp-json\/wp\/v2\/users\/1"}],"replies":[{"embeddable":true,"href":"https:\/\/www.abchukuk.com\/index.php\/wp-json\/wp\/v2\/comments?post=3371"}],"version-history":[{"count":0,"href":"https:\/\/www.abchukuk.com\/index.php\/wp-json\/wp\/v2\/posts\/3371\/revisions"}],"wp:attachment":[{"href":"https:\/\/www.abchukuk.com\/index.php\/wp-json\/wp\/v2\/media?parent=3371"}],"wp:term":[{"taxonomy":"category","embeddable":true,"href":"https:\/\/www.abchukuk.com\/index.php\/wp-json\/wp\/v2\/categories?post=3371"},{"taxonomy":"post_tag","embeddable":true,"href":"https:\/\/www.abchukuk.com\/index.php\/wp-json\/wp\/v2\/tags?post=3371"}],"curies":[{"name":"wp","href":"https:\/\/api.w.org\/{rel}","templated":true}]}}