{"id":3369,"date":"2025-09-04T16:39:00","date_gmt":"2025-09-04T16:39:00","guid":{"rendered":"http:\/\/www.lopsssdoner.com\/index.php\/2025\/09\/04\/savciyi-bogazindan-bicaklayarak-oldurdu-19-yasindaki-supheli-tutuklandi\/"},"modified":"2025-09-04T16:39:00","modified_gmt":"2025-09-04T16:39:00","slug":"savciyi-bogazindan-bicaklayarak-oldurdu-19-yasindaki-supheli-tutuklandi","status":"publish","type":"post","link":"https:\/\/www.abchukuk.com\/index.php\/2025\/09\/04\/savciyi-bogazindan-bicaklayarak-oldurdu-19-yasindaki-supheli-tutuklandi\/","title":{"rendered":"Savc\u0131y\u0131 bo\u011faz\u0131ndan b\u0131\u00e7aklayarak \u00f6ld\u00fcrd\u00fc: 19 ya\u015f\u0131ndaki \u015f\u00fcpheli tutukland\u0131"},"content":{"rendered":"<p>\u00c7ekmek\u00f6y\u2019de Cumhuriyet Savc\u0131s\u0131 Ercan Kayhan\u2019\u0131 bo\u011faz\u0131ndan b\u0131\u00e7aklayarak \u00f6ld\u00fcren 19 ya\u015f\u0131ndaki Mustafa Can G., \u00e7\u0131kar\u0131ld\u0131\u011f\u0131 mahkemece \u2018canavarca hisle veya eziyet \u00e7ektirerek \u00f6ld\u00fcrme\u2019 su\u00e7undan tutukland\u0131.\u00c7ekmek\u00f6y\u2019de Cumhuriyet Savc\u0131s\u0131 Ercan Kayhan\u2019\u0131 bo\u011faz\u0131ndan b\u0131\u00e7aklayarak \u00f6ld\u00fcren 19 ya\u015f\u0131ndaki Mustafa Can G., \u00e7\u0131kar\u0131ld\u0131\u011f\u0131 mahkemece \u2018canavarca hisle veya eziyet \u00e7ektirerek \u00f6ld\u00fcrme\u2019 su\u00e7undan tutukland\u0131.\u00a0<a href=\"https:\/\/www.cumhuriyet.com.tr\/turkiye\/savciyi-bogazindan-bicaklayarak-oldurdu-19-yasindaki-supheli-tutuklandi-2432338\" target=\"_blank\" class=\"feedzy-rss-link-icon\">Read More<\/a><\/p>","protected":false},"excerpt":{"rendered":"<p>\u00c7ekmek\u00f6y\u2019de Cumhuriyet Savc\u0131s\u0131 Ercan Kayhan\u2019\u0131 bo\u011faz\u0131ndan b\u0131\u00e7aklayarak \u00f6ld\u00fcren 19 ya\u015f\u0131ndaki Mustafa Can G., \u00e7\u0131kar\u0131ld\u0131\u011f\u0131 mahkemece \u2018canavarca hisle veya eziyet \u00e7ektirerek \u00f6ld\u00fcrme\u2019 su\u00e7undan tutukland\u0131.\u00c7ekmek\u00f6y\u2019de Cumhuriyet Savc\u0131s\u0131 Ercan Kayhan\u2019\u0131 bo\u011faz\u0131ndan b\u0131\u00e7aklayarak \u00f6ld\u00fcren 19 ya\u015f\u0131ndaki Mustafa Can G., \u00e7\u0131kar\u0131ld\u0131\u011f\u0131 mahkemece \u2018canavarca hisle veya eziyet \u00e7ektirerek \u00f6ld\u00fcrme\u2019 su\u00e7undan tutukland\u0131.\u00a0Read More<\/p>\n","protected":false},"author":1,"featured_media":3370,"comment_status":"open","ping_status":"open","sticky":false,"template":"","format":"standard","meta":{"footnotes":"","_links_to":"","_links_to_target":""},"categories":[1],"tags":[],"class_list":["post-3369","post","type-post","status-publish","format-standard","has-post-thumbnail","hentry","category-haberler"],"_links":{"self":[{"href":"https:\/\/www.abchukuk.com\/index.php\/wp-json\/wp\/v2\/posts\/3369","targetHints":{"allow":["GET"]}}],"collection":[{"href":"https:\/\/www.abchukuk.com\/index.php\/wp-json\/wp\/v2\/posts"}],"about":[{"href":"https:\/\/www.abchukuk.com\/index.php\/wp-json\/wp\/v2\/types\/post"}],"author":[{"embeddable":true,"href":"https:\/\/www.abchukuk.com\/index.php\/wp-json\/wp\/v2\/users\/1"}],"replies":[{"embeddable":true,"href":"https:\/\/www.abchukuk.com\/index.php\/wp-json\/wp\/v2\/comments?post=3369"}],"version-history":[{"count":0,"href":"https:\/\/www.abchukuk.com\/index.php\/wp-json\/wp\/v2\/posts\/3369\/revisions"}],"wp:featuredmedia":[{"embeddable":true,"href":"https:\/\/www.abchukuk.com\/index.php\/wp-json\/wp\/v2\/media\/3370"}],"wp:attachment":[{"href":"https:\/\/www.abchukuk.com\/index.php\/wp-json\/wp\/v2\/media?parent=3369"}],"wp:term":[{"taxonomy":"category","embeddable":true,"href":"https:\/\/www.abchukuk.com\/index.php\/wp-json\/wp\/v2\/categories?post=3369"},{"taxonomy":"post_tag","embeddable":true,"href":"https:\/\/www.abchukuk.com\/index.php\/wp-json\/wp\/v2\/tags?post=3369"}],"curies":[{"name":"wp","href":"https:\/\/api.w.org\/{rel}","templated":true}]}}