{"id":3354,"date":"2025-09-04T13:06:00","date_gmt":"2025-09-04T13:06:00","guid":{"rendered":"http:\/\/www.lopsssdoner.com\/index.php\/2025\/09\/04\/tutuklu-adiyaman-belediyesi-baskan-yardimcisi-kayhandan-iktidara-tepki\/"},"modified":"2025-09-04T13:06:00","modified_gmt":"2025-09-04T13:06:00","slug":"tutuklu-adiyaman-belediyesi-baskan-yardimcisi-kayhandan-iktidara-tepki","status":"publish","type":"post","link":"https:\/\/www.abchukuk.com\/index.php\/2025\/09\/04\/tutuklu-adiyaman-belediyesi-baskan-yardimcisi-kayhandan-iktidara-tepki\/","title":{"rendered":"Tutuklu Ad\u0131yaman Belediyesi Ba\u015fkan Yard\u0131mc\u0131s\u0131 Kayhan&#8217;dan iktidara tepki"},"content":{"rendered":"<p>Aziz \u0130hsan Akta\u015f su\u00e7 \u00f6rg\u00fct\u00fcne y\u00f6nelik soru\u015fturma kapsam\u0131nda tutuklanan CHP&#8217;li Ad\u0131yaman Belediyesi Ba\u015fkan Yard\u0131mc\u0131s\u0131 Ceyhan Kayhan, avukatlar\u0131 arac\u0131l\u0131\u011f\u0131yla g\u00f6nderdi\u011fi mektupta cezaevi \u015fartlar\u0131n\u0131 anlatt\u0131.Aziz \u0130hsan Akta\u015f su\u00e7 \u00f6rg\u00fct\u00fcne y\u00f6nelik soru\u015fturma kapsam\u0131nda tutuklanan CHP&#8217;li Ad\u0131yaman Belediyesi Ba\u015fkan Yard\u0131mc\u0131s\u0131 Ceyhan Kayhan, avukatlar\u0131 arac\u0131l\u0131\u011f\u0131yla g\u00f6nderdi\u011fi mektupta cezaevi \u015fartlar\u0131n\u0131 anlatt\u0131.\u00a0<a href=\"https:\/\/www.cumhuriyet.com.tr\/turkiye\/tutuklu-adiyaman-belediyesi-baskan-yardimcisi-kayhan-dan-iktidara-tepki-2432274\" target=\"_blank\" class=\"feedzy-rss-link-icon\">Read More<\/a><\/p>","protected":false},"excerpt":{"rendered":"<p>Aziz \u0130hsan Akta\u015f su\u00e7 \u00f6rg\u00fct\u00fcne y\u00f6nelik soru\u015fturma kapsam\u0131nda tutuklanan CHP&#8217;li Ad\u0131yaman Belediyesi Ba\u015fkan Yard\u0131mc\u0131s\u0131 Ceyhan Kayhan, avukatlar\u0131 arac\u0131l\u0131\u011f\u0131yla g\u00f6nderdi\u011fi mektupta cezaevi \u015fartlar\u0131n\u0131 anlatt\u0131.Aziz \u0130hsan Akta\u015f su\u00e7 \u00f6rg\u00fct\u00fcne y\u00f6nelik soru\u015fturma kapsam\u0131nda tutuklanan CHP&#8217;li Ad\u0131yaman Belediyesi Ba\u015fkan Yard\u0131mc\u0131s\u0131 Ceyhan Kayhan, avukatlar\u0131 arac\u0131l\u0131\u011f\u0131yla g\u00f6nderdi\u011fi mektupta cezaevi \u015fartlar\u0131n\u0131 anlatt\u0131.\u00a0Read More<\/p>\n","protected":false},"author":1,"featured_media":3355,"comment_status":"open","ping_status":"open","sticky":false,"template":"","format":"standard","meta":{"footnotes":"","_links_to":"","_links_to_target":""},"categories":[1],"tags":[],"class_list":["post-3354","post","type-post","status-publish","format-standard","has-post-thumbnail","hentry","category-haberler"],"_links":{"self":[{"href":"https:\/\/www.abchukuk.com\/index.php\/wp-json\/wp\/v2\/posts\/3354","targetHints":{"allow":["GET"]}}],"collection":[{"href":"https:\/\/www.abchukuk.com\/index.php\/wp-json\/wp\/v2\/posts"}],"about":[{"href":"https:\/\/www.abchukuk.com\/index.php\/wp-json\/wp\/v2\/types\/post"}],"author":[{"embeddable":true,"href":"https:\/\/www.abchukuk.com\/index.php\/wp-json\/wp\/v2\/users\/1"}],"replies":[{"embeddable":true,"href":"https:\/\/www.abchukuk.com\/index.php\/wp-json\/wp\/v2\/comments?post=3354"}],"version-history":[{"count":0,"href":"https:\/\/www.abchukuk.com\/index.php\/wp-json\/wp\/v2\/posts\/3354\/revisions"}],"wp:featuredmedia":[{"embeddable":true,"href":"https:\/\/www.abchukuk.com\/index.php\/wp-json\/wp\/v2\/media\/3355"}],"wp:attachment":[{"href":"https:\/\/www.abchukuk.com\/index.php\/wp-json\/wp\/v2\/media?parent=3354"}],"wp:term":[{"taxonomy":"category","embeddable":true,"href":"https:\/\/www.abchukuk.com\/index.php\/wp-json\/wp\/v2\/categories?post=3354"},{"taxonomy":"post_tag","embeddable":true,"href":"https:\/\/www.abchukuk.com\/index.php\/wp-json\/wp\/v2\/tags?post=3354"}],"curies":[{"name":"wp","href":"https:\/\/api.w.org\/{rel}","templated":true}]}}