{"id":3350,"date":"2025-09-04T13:32:00","date_gmt":"2025-09-04T13:32:00","guid":{"rendered":"http:\/\/www.lopsssdoner.com\/index.php\/2025\/09\/04\/tutuklu-baskan-muhittin-bocekten-mesaj-var-adaletin-er-yada-gec-tecelli-edecegine-inaniyorum\/"},"modified":"2025-09-04T13:32:00","modified_gmt":"2025-09-04T13:32:00","slug":"tutuklu-baskan-muhittin-bocekten-mesaj-var-adaletin-er-yada-gec-tecelli-edecegine-inaniyorum","status":"publish","type":"post","link":"https:\/\/www.abchukuk.com\/index.php\/2025\/09\/04\/tutuklu-baskan-muhittin-bocekten-mesaj-var-adaletin-er-yada-gec-tecelli-edecegine-inaniyorum\/","title":{"rendered":"Tutuklu Ba\u015fkan Muhittin B\u00f6cek&#8217;ten mesaj var: &#8216;Adaletin er yada ge\u00e7 tecelli edece\u011fine inan\u0131yorum&#8217;"},"content":{"rendered":"<p>Tutuklu Antalya B\u00fcy\u00fck\u015fehir Belediye Ba\u015fkan\u0131 Muhittin B\u00f6cek, Konyaalt\u0131 Belediye Meclisi&#8217;nin eyl\u00fcl ay\u0131 ola\u011fan toplant\u0131s\u0131na g\u00f6nderdi\u011fi mesajda, &#8220;Haks\u0131z bir ithamla d\u00f6rt duvar aras\u0131nda olsam da g\u00f6nl\u00fcm Konyaalt\u0131\u2019n\u0131n sahibinde, sizlerle. Adaletin er yada ge\u00e7 tecelli edece\u011fine inan\u0131yorum&#8221; dedi.Tutuklu Antalya B\u00fcy\u00fck\u015fehir Belediye Ba\u015fkan\u0131 Muhittin B\u00f6cek, Konyaalt\u0131 Belediye Meclisi&#8217;nin eyl\u00fcl ay\u0131 ola\u011fan toplant\u0131s\u0131na g\u00f6nderdi\u011fi mesajda, &#8220;Haks\u0131z bir ithamla d\u00f6rt duvar aras\u0131nda olsam da g\u00f6nl\u00fcm Konyaalt\u0131\u2019n\u0131n sahibinde, sizlerle. Adaletin er yada ge\u00e7 tecelli edece\u011fine inan\u0131yorum&#8221; dedi.\u00a0<a href=\"https:\/\/www.cumhuriyet.com.tr\/siyaset\/tutuklu-baskan-muhittin-bocek-ten-mesaj-var-adaletin-er-yada-gec-tecelli-edecegine-inaniyorum-2432282\" target=\"_blank\" class=\"feedzy-rss-link-icon\">Read More<\/a><\/p>","protected":false},"excerpt":{"rendered":"<p>Tutuklu Antalya B\u00fcy\u00fck\u015fehir Belediye Ba\u015fkan\u0131 Muhittin B\u00f6cek, Konyaalt\u0131 Belediye Meclisi&#8217;nin eyl\u00fcl ay\u0131 ola\u011fan toplant\u0131s\u0131na g\u00f6nderdi\u011fi mesajda, &#8220;Haks\u0131z bir ithamla d\u00f6rt duvar aras\u0131nda olsam da g\u00f6nl\u00fcm Konyaalt\u0131\u2019n\u0131n sahibinde, sizlerle. Adaletin er yada ge\u00e7 tecelli edece\u011fine inan\u0131yorum&#8221; dedi.Tutuklu Antalya B\u00fcy\u00fck\u015fehir Belediye Ba\u015fkan\u0131 Muhittin B\u00f6cek, Konyaalt\u0131 Belediye Meclisi&#8217;nin eyl\u00fcl ay\u0131 ola\u011fan toplant\u0131s\u0131na g\u00f6nderdi\u011fi mesajda, &#8220;Haks\u0131z bir ithamla d\u00f6rt [&hellip;]<\/p>\n","protected":false},"author":1,"featured_media":3351,"comment_status":"open","ping_status":"open","sticky":false,"template":"","format":"standard","meta":{"footnotes":"","_links_to":"","_links_to_target":""},"categories":[1],"tags":[],"class_list":["post-3350","post","type-post","status-publish","format-standard","has-post-thumbnail","hentry","category-haberler"],"_links":{"self":[{"href":"https:\/\/www.abchukuk.com\/index.php\/wp-json\/wp\/v2\/posts\/3350","targetHints":{"allow":["GET"]}}],"collection":[{"href":"https:\/\/www.abchukuk.com\/index.php\/wp-json\/wp\/v2\/posts"}],"about":[{"href":"https:\/\/www.abchukuk.com\/index.php\/wp-json\/wp\/v2\/types\/post"}],"author":[{"embeddable":true,"href":"https:\/\/www.abchukuk.com\/index.php\/wp-json\/wp\/v2\/users\/1"}],"replies":[{"embeddable":true,"href":"https:\/\/www.abchukuk.com\/index.php\/wp-json\/wp\/v2\/comments?post=3350"}],"version-history":[{"count":0,"href":"https:\/\/www.abchukuk.com\/index.php\/wp-json\/wp\/v2\/posts\/3350\/revisions"}],"wp:featuredmedia":[{"embeddable":true,"href":"https:\/\/www.abchukuk.com\/index.php\/wp-json\/wp\/v2\/media\/3351"}],"wp:attachment":[{"href":"https:\/\/www.abchukuk.com\/index.php\/wp-json\/wp\/v2\/media?parent=3350"}],"wp:term":[{"taxonomy":"category","embeddable":true,"href":"https:\/\/www.abchukuk.com\/index.php\/wp-json\/wp\/v2\/categories?post=3350"},{"taxonomy":"post_tag","embeddable":true,"href":"https:\/\/www.abchukuk.com\/index.php\/wp-json\/wp\/v2\/tags?post=3350"}],"curies":[{"name":"wp","href":"https:\/\/api.w.org\/{rel}","templated":true}]}}