{"id":3316,"date":"2025-09-04T11:29:06","date_gmt":"2025-09-04T11:29:06","guid":{"rendered":"http:\/\/www.lopsssdoner.com\/index.php\/2025\/09\/04\/bakan-tunc-hskyi-topladi-yargi-reformu-hedefleri-gorusuldu\/"},"modified":"2025-09-04T11:29:06","modified_gmt":"2025-09-04T11:29:06","slug":"bakan-tunc-hskyi-topladi-yargi-reformu-hedefleri-gorusuldu","status":"publish","type":"post","link":"https:\/\/www.abchukuk.com\/index.php\/2025\/09\/04\/bakan-tunc-hskyi-topladi-yargi-reformu-hedefleri-gorusuldu\/","title":{"rendered":"Bakan Tun\u00e7, HSK\u2019y\u0131 toplad\u0131: Yarg\u0131 reformu hedefleri g\u00f6r\u00fc\u015f\u00fcld\u00fc"},"content":{"rendered":"<p>HSK Adalet Bakan\u0131 Y\u0131lmaz Tun\u00e7 Ba\u015fkanl\u0131\u011f\u0131nda toplant\u0131. Toplant\u0131da T\u00fcrkiye Y\u00fczy\u0131l\u0131 Yarg\u0131 Reformu Strateji Belgesi kapsam\u0131ndaki hedefler do\u011frultusunda yap\u0131lacak d\u00fczenlemeler ele al\u0131nd\u0131. Bakan Tun\u00e7, hukukun \u00fcst\u00fcnl\u00fc\u011f\u00fcnden ayr\u0131lmadan yarg\u0131y\u0131 daha etkin ve eri\u015filebilir h\u00e2le getirme amac\u0131nda olduklar\u0131n\u0131 vurgulad\u0131.<\/p>\n<p><img fetchpriority=\"high\" decoding=\"async\" class=\"alignnone size-large wp-image-162739\" src=\"https:\/\/www.son.tv\/wp-content\/uploads\/2025\/09\/Gz_4eioXgAAYAht-1024x683.jpg\" alt=\"\" width=\"1024\" height=\"683\" \/><\/p>\n<p>YARGI S\u0130STEM\u0130N\u0130N G\u00dc\u00c7LEND\u0130R\u0130LMES\u0130<\/p>\n<p>Tarafs\u0131z ve ba\u011f\u0131ms\u0131z yarg\u0131y\u0131 g\u00fc\u00e7lendirecek d\u00fczenlemelerle insan kayna\u011f\u0131 kapasitesinin art\u0131r\u0131laca\u011f\u0131n\u0131 belirten Bakan Tun\u00e7, \u201cYeni adli y\u0131lda da vatanda\u015flar\u0131n yarg\u0131 hizmetlerinden memnuniyetini en \u00fcst d\u00fczeye \u00e7\u0131karma hedefiyle \u00e7al\u0131\u015fmalara devam edeceklerini ifade etti.<\/p>\n<p><img decoding=\"async\" class=\"alignnone size-large wp-image-162740\" src=\"https:\/\/www.son.tv\/wp-content\/uploads\/2025\/09\/Gz_4SISXwAAPrdI-1024x683.jpg\" alt=\"\" width=\"1024\" height=\"683\" \/><\/p>\n<p>GECE G\u00dcND\u00dcZ \u00c7ALI\u015eMA VURGUSU<\/p>\n<p>Bakan Tun\u00e7, yarg\u0131 hizmetlerinin etkinli\u011fi ve eri\u015filebilirli\u011finin art\u0131r\u0131lmas\u0131na y\u00f6nelik somut ad\u0131mlar\u0131n at\u0131laca\u011f\u0131, gece g\u00fcnd\u00fcz demeden \u00e7al\u0131\u015fmalar\u0131n s\u00fcrd\u00fcr\u00fclece\u011fi bildirildi.<\/p>\n<p><img decoding=\"async\" class=\"alignnone size-large wp-image-162741\" src=\"https:\/\/www.son.tv\/wp-content\/uploads\/2025\/09\/Gz_4fvEWkAEZ79_-1024x683.jpg\" alt=\"\" width=\"1024\" height=\"683\" \/><\/p>\n<p>Adalet Bakan\u0131 Y\u0131lmaz Tun\u00e7, H\u00e2kimler ve Savc\u0131lar Kurulu (HSK) \u00fcyeleriyle bir araya gelerek yarg\u0131 sistemine ili\u015fkin y\u00fcr\u00fct\u00fclen \u00e7al\u0131\u015fmalar\u0131 de\u011ferlendirdi.\u00a0<a href=\"https:\/\/www.son.tv\/bakan-tunc-hskyi-topladi-yargi-reformu-hedefleri-gorusuldu\/\" target=\"_blank\" class=\"feedzy-rss-link-icon\">Read More<\/a><\/p>","protected":false},"excerpt":{"rendered":"<p>HSK Adalet Bakan\u0131 Y\u0131lmaz Tun\u00e7 Ba\u015fkanl\u0131\u011f\u0131nda toplant\u0131. Toplant\u0131da T\u00fcrkiye Y\u00fczy\u0131l\u0131 Yarg\u0131 Reformu Strateji Belgesi kapsam\u0131ndaki hedefler do\u011frultusunda yap\u0131lacak d\u00fczenlemeler ele al\u0131nd\u0131. Bakan Tun\u00e7, hukukun \u00fcst\u00fcnl\u00fc\u011f\u00fcnden ayr\u0131lmadan yarg\u0131y\u0131 daha etkin ve eri\u015filebilir h\u00e2le getirme amac\u0131nda olduklar\u0131n\u0131 vurgulad\u0131. YARGI S\u0130STEM\u0130N\u0130N G\u00dc\u00c7LEND\u0130R\u0130LMES\u0130 Tarafs\u0131z ve ba\u011f\u0131ms\u0131z yarg\u0131y\u0131 g\u00fc\u00e7lendirecek d\u00fczenlemelerle insan kayna\u011f\u0131 kapasitesinin art\u0131r\u0131laca\u011f\u0131n\u0131 belirten Bakan Tun\u00e7, \u201cYeni adli y\u0131lda [&hellip;]<\/p>\n","protected":false},"author":1,"featured_media":3317,"comment_status":"open","ping_status":"open","sticky":false,"template":"","format":"standard","meta":{"footnotes":"","_links_to":"","_links_to_target":""},"categories":[1],"tags":[],"class_list":["post-3316","post","type-post","status-publish","format-standard","has-post-thumbnail","hentry","category-haberler"],"_links":{"self":[{"href":"https:\/\/www.abchukuk.com\/index.php\/wp-json\/wp\/v2\/posts\/3316","targetHints":{"allow":["GET"]}}],"collection":[{"href":"https:\/\/www.abchukuk.com\/index.php\/wp-json\/wp\/v2\/posts"}],"about":[{"href":"https:\/\/www.abchukuk.com\/index.php\/wp-json\/wp\/v2\/types\/post"}],"author":[{"embeddable":true,"href":"https:\/\/www.abchukuk.com\/index.php\/wp-json\/wp\/v2\/users\/1"}],"replies":[{"embeddable":true,"href":"https:\/\/www.abchukuk.com\/index.php\/wp-json\/wp\/v2\/comments?post=3316"}],"version-history":[{"count":0,"href":"https:\/\/www.abchukuk.com\/index.php\/wp-json\/wp\/v2\/posts\/3316\/revisions"}],"wp:featuredmedia":[{"embeddable":true,"href":"https:\/\/www.abchukuk.com\/index.php\/wp-json\/wp\/v2\/media\/3317"}],"wp:attachment":[{"href":"https:\/\/www.abchukuk.com\/index.php\/wp-json\/wp\/v2\/media?parent=3316"}],"wp:term":[{"taxonomy":"category","embeddable":true,"href":"https:\/\/www.abchukuk.com\/index.php\/wp-json\/wp\/v2\/categories?post=3316"},{"taxonomy":"post_tag","embeddable":true,"href":"https:\/\/www.abchukuk.com\/index.php\/wp-json\/wp\/v2\/tags?post=3316"}],"curies":[{"name":"wp","href":"https:\/\/api.w.org\/{rel}","templated":true}]}}